{"id":1368,"date":"2024-05-09T12:52:53","date_gmt":"2024-05-09T12:52:53","guid":{"rendered":"https:\/\/visitthingeyri.is\/?p=1368"},"modified":"2024-05-09T12:59:38","modified_gmt":"2024-05-09T12:59:38","slug":"threttandagledi","status":"publish","type":"post","link":"https:\/\/visitthingeyri.is\/en\/threttandagledi\/","title":{"rendered":"\u00derett\u00e1ndagle\u00f0i \u00e1 \u00deingeyri"},"content":{"rendered":"<p>\u00c1rlega standa Bj\u00f6rgunarsveitin D\u00fdri og \u00cd\u00fer\u00f3ttaf\u00e9lagi\u00f0 H\u00f6frungur fyrir \u00ferett\u00e1ndagle\u00f0i \u00e1 \u00deingeyri. Gengi\u00f0 er \u00fat Brekkug\u00f6tu, A\u00f0alstr\u00e6ti, ni\u00f0ur Vallarg\u00f6tu en fj\u00f6rinu l\u00fdkur svo gjarnan me\u00f0 flugeldas\u00fdningu. <\/p>\n\n\n\n<figure class=\"wp-block-image size-large\"><img fetchpriority=\"high\" decoding=\"async\" width=\"1024\" height=\"683\" src=\"https:\/\/visitthingeyri.is\/wp-content\/uploads\/2024\/01\/20240106-DSC01653-1024x683.jpg\" alt=\"\" class=\"wp-image-1372\" srcset=\"https:\/\/visitthingeyri.is\/wp-content\/uploads\/2024\/01\/20240106-DSC01653-1024x683.jpg 1024w, https:\/\/visitthingeyri.is\/wp-content\/uploads\/2024\/01\/20240106-DSC01653-300x200.jpg 300w, https:\/\/visitthingeyri.is\/wp-content\/uploads\/2024\/01\/20240106-DSC01653-768x512.jpg 768w, https:\/\/visitthingeyri.is\/wp-content\/uploads\/2024\/01\/20240106-DSC01653-1536x1024.jpg 1536w, https:\/\/visitthingeyri.is\/wp-content\/uploads\/2024\/01\/20240106-DSC01653-18x12.jpg 18w, https:\/\/visitthingeyri.is\/wp-content\/uploads\/2024\/01\/20240106-DSC01653.jpg 1600w\" sizes=\"(max-width: 1024px) 100vw, 1024px\" \/><figcaption class=\"wp-element-caption\">\u00derett\u00e1ndagle\u00f0i \u00e1 \u00deingeyri.<\/figcaption><\/figure>\n\n\n\n<figure class=\"wp-block-image size-large\"><img decoding=\"async\" width=\"1024\" height=\"683\" src=\"https:\/\/visitthingeyri.is\/wp-content\/uploads\/2024\/01\/20240106-DSC015775-1024x683.jpg\" alt=\"\" class=\"wp-image-1370\" srcset=\"https:\/\/visitthingeyri.is\/wp-content\/uploads\/2024\/01\/20240106-DSC015775-1024x683.jpg 1024w, https:\/\/visitthingeyri.is\/wp-content\/uploads\/2024\/01\/20240106-DSC015775-300x200.jpg 300w, https:\/\/visitthingeyri.is\/wp-content\/uploads\/2024\/01\/20240106-DSC015775-768x512.jpg 768w, https:\/\/visitthingeyri.is\/wp-content\/uploads\/2024\/01\/20240106-DSC015775-1536x1024.jpg 1536w, https:\/\/visitthingeyri.is\/wp-content\/uploads\/2024\/01\/20240106-DSC015775-18x12.jpg 18w, https:\/\/visitthingeyri.is\/wp-content\/uploads\/2024\/01\/20240106-DSC015775.jpg 1600w\" sizes=\"(max-width: 1024px) 100vw, 1024px\" \/><figcaption class=\"wp-element-caption\">\u00derett\u00e1ndagle\u00f0i \u00e1 \u00deingeyri.<\/figcaption><\/figure>\n\n\n\n<figure class=\"wp-block-image size-large\"><img decoding=\"async\" width=\"1024\" height=\"683\" src=\"https:\/\/visitthingeyri.is\/wp-content\/uploads\/2024\/01\/20240106-DSC017131-1024x683.jpg\" alt=\"\" class=\"wp-image-1369\" srcset=\"https:\/\/visitthingeyri.is\/wp-content\/uploads\/2024\/01\/20240106-DSC017131-1024x683.jpg 1024w, https:\/\/visitthingeyri.is\/wp-content\/uploads\/2024\/01\/20240106-DSC017131-300x200.jpg 300w, https:\/\/visitthingeyri.is\/wp-content\/uploads\/2024\/01\/20240106-DSC017131-768x512.jpg 768w, https:\/\/visitthingeyri.is\/wp-content\/uploads\/2024\/01\/20240106-DSC017131-1536x1024.jpg 1536w, https:\/\/visitthingeyri.is\/wp-content\/uploads\/2024\/01\/20240106-DSC017131-18x12.jpg 18w, https:\/\/visitthingeyri.is\/wp-content\/uploads\/2024\/01\/20240106-DSC017131.jpg 1600w\" sizes=\"(max-width: 1024px) 100vw, 1024px\" \/><figcaption class=\"wp-element-caption\">\u00derett\u00e1ndagle\u00f0i \u00e1 \u00deingeyri.<\/figcaption><\/figure>\n\n\n\n<figure class=\"wp-block-image size-large\"><img loading=\"lazy\" decoding=\"async\" width=\"1024\" height=\"683\" src=\"https:\/\/visitthingeyri.is\/wp-content\/uploads\/2024\/01\/20240106-DSC01682-1024x683.jpg\" alt=\"\" class=\"wp-image-1371\" srcset=\"https:\/\/visitthingeyri.is\/wp-content\/uploads\/2024\/01\/20240106-DSC01682-1024x683.jpg 1024w, https:\/\/visitthingeyri.is\/wp-content\/uploads\/2024\/01\/20240106-DSC01682-300x200.jpg 300w, https:\/\/visitthingeyri.is\/wp-content\/uploads\/2024\/01\/20240106-DSC01682-768x512.jpg 768w, https:\/\/visitthingeyri.is\/wp-content\/uploads\/2024\/01\/20240106-DSC01682-1536x1024.jpg 1536w, https:\/\/visitthingeyri.is\/wp-content\/uploads\/2024\/01\/20240106-DSC01682-18x12.jpg 18w, https:\/\/visitthingeyri.is\/wp-content\/uploads\/2024\/01\/20240106-DSC01682.jpg 1600w\" sizes=\"(max-width: 1024px) 100vw, 1024px\" \/><figcaption class=\"wp-element-caption\">\u00derett\u00e1ndagle\u00f0i \u00e1 \u00deingeyri.<\/figcaption><\/figure>\n\n\n\n<figure class=\"wp-block-image size-large\"><img loading=\"lazy\" decoding=\"async\" width=\"1024\" height=\"683\" src=\"https:\/\/visitthingeyri.is\/wp-content\/uploads\/2024\/01\/20240106-DSC01602-1024x683.jpg\" alt=\"\" class=\"wp-image-1374\" srcset=\"https:\/\/visitthingeyri.is\/wp-content\/uploads\/2024\/01\/20240106-DSC01602-1024x683.jpg 1024w, https:\/\/visitthingeyri.is\/wp-content\/uploads\/2024\/01\/20240106-DSC01602-300x200.jpg 300w, https:\/\/visitthingeyri.is\/wp-content\/uploads\/2024\/01\/20240106-DSC01602-768x512.jpg 768w, https:\/\/visitthingeyri.is\/wp-content\/uploads\/2024\/01\/20240106-DSC01602-1536x1024.jpg 1536w, https:\/\/visitthingeyri.is\/wp-content\/uploads\/2024\/01\/20240106-DSC01602-18x12.jpg 18w, https:\/\/visitthingeyri.is\/wp-content\/uploads\/2024\/01\/20240106-DSC01602.jpg 1600w\" sizes=\"(max-width: 1024px) 100vw, 1024px\" \/><figcaption class=\"wp-element-caption\">\u00derett\u00e1ndagle\u00f0i \u00e1 \u00deingeyri.<\/figcaption><\/figure>\n\n\n\n<figure class=\"wp-block-image size-large\"><img loading=\"lazy\" decoding=\"async\" width=\"1024\" height=\"683\" src=\"https:\/\/visitthingeyri.is\/wp-content\/uploads\/2024\/01\/20240106-DSC01627-1024x683.jpg\" alt=\"\" class=\"wp-image-1376\" srcset=\"https:\/\/visitthingeyri.is\/wp-content\/uploads\/2024\/01\/20240106-DSC01627-1024x683.jpg 1024w, https:\/\/visitthingeyri.is\/wp-content\/uploads\/2024\/01\/20240106-DSC01627-300x200.jpg 300w, https:\/\/visitthingeyri.is\/wp-content\/uploads\/2024\/01\/20240106-DSC01627-768x512.jpg 768w, https:\/\/visitthingeyri.is\/wp-content\/uploads\/2024\/01\/20240106-DSC01627-1536x1024.jpg 1536w, https:\/\/visitthingeyri.is\/wp-content\/uploads\/2024\/01\/20240106-DSC01627-18x12.jpg 18w, https:\/\/visitthingeyri.is\/wp-content\/uploads\/2024\/01\/20240106-DSC01627.jpg 1600w\" sizes=\"(max-width: 1024px) 100vw, 1024px\" \/><figcaption class=\"wp-element-caption\">\u00derett\u00e1ndagle\u00f0i \u00e1 \u00deingeyri.<\/figcaption><\/figure>","protected":false},"excerpt":{"rendered":"<p>\u00c1rlega standa Bj\u00f6rgunarsveitin D\u00fdri og \u00cd\u00fer\u00f3ttaf\u00e9lagi\u00f0 H\u00f6frungur fyrir \u00ferett\u00e1ndagle\u00f0i \u00e1 \u00deingeyri. Gengi\u00f0 er \u00fat Brekkug\u00f6tu, A\u00f0alstr\u00e6ti, ni\u00f0ur Vallarg\u00f6tu en fj\u00f6rinu l\u00fdkur svo gjarnan me\u00f0 flugeldas\u00fdningu.<\/p>","protected":false},"author":2,"featured_media":1369,"comment_status":"open","ping_status":"open","sticky":false,"template":"","format":"standard","meta":{"footnotes":""},"categories":[12,15,8,1],"tags":[],"class_list":["post-1368","post","type-post","status-publish","format-standard","has-post-thumbnail","hentry","category-daegradvol","category-folkid","category-menning","category-uncategorized"],"yoast_head":"<!-- This site is optimized with the Yoast SEO plugin v25.1 - https:\/\/yoast.com\/wordpress\/plugins\/seo\/ -->\n<title>\u00derett\u00e1ndagle\u00f0i \u00e1 \u00deingeyri | Visit \u00deingeyri<\/title>\n<meta name=\"robots\" content=\"index, follow, max-snippet:-1, max-image-preview:large, max-video-preview:-1\" \/>\n<link rel=\"canonical\" href=\"https:\/\/visitthingeyri.is\/en\/threttandagledi\/\" \/>\n<meta property=\"og:locale\" content=\"en_US\" \/>\n<meta property=\"og:type\" content=\"article\" \/>\n<meta property=\"og:title\" content=\"\u00derett\u00e1ndagle\u00f0i \u00e1 \u00deingeyri | Visit \u00deingeyri\" \/>\n<meta property=\"og:description\" content=\"\u00c1rlega standa Bj\u00f6rgunarsveitin D\u00fdri og \u00cd\u00fer\u00f3ttaf\u00e9lagi\u00f0 H\u00f6frungur fyrir \u00ferett\u00e1ndagle\u00f0i \u00e1 \u00deingeyri. Gengi\u00f0 er \u00fat Brekkug\u00f6tu, A\u00f0alstr\u00e6ti, ni\u00f0ur Vallarg\u00f6tu en fj\u00f6rinu l\u00fdkur svo gjarnan me\u00f0 flugeldas\u00fdningu.\" \/>\n<meta property=\"og:url\" content=\"https:\/\/visitthingeyri.is\/en\/threttandagledi\/\" \/>\n<meta property=\"og:site_name\" content=\"Visit \u00deingeyri\" \/>\n<meta property=\"article:published_time\" content=\"2024-05-09T12:52:53+00:00\" \/>\n<meta property=\"article:modified_time\" content=\"2024-05-09T12:59:38+00:00\" \/>\n<meta property=\"og:image\" content=\"https:\/\/visitthingeyri.is\/wp-content\/uploads\/2024\/01\/20240106-DSC017131.jpg\" \/>\n\t<meta property=\"og:image:width\" content=\"1600\" \/>\n\t<meta property=\"og:image:height\" content=\"1067\" \/>\n\t<meta property=\"og:image:type\" content=\"image\/jpeg\" \/>\n<meta name=\"author\" content=\"Gu\u00f0r\u00fan D. Gu\u00f0mundsd\u00f3ttir\" \/>\n<meta name=\"twitter:card\" content=\"summary_large_image\" \/>\n<meta name=\"twitter:label1\" content=\"Written by\" \/>\n\t<meta name=\"twitter:data1\" content=\"Gu\u00f0r\u00fan D. Gu\u00f0mundsd\u00f3ttir\" \/>\n\t<meta name=\"twitter:label2\" content=\"Est. reading time\" \/>\n\t<meta name=\"twitter:data2\" content=\"2 minutes\" \/>\n<script type=\"application\/ld+json\" class=\"yoast-schema-graph\">{\"@context\":\"https:\/\/schema.org\",\"@graph\":[{\"@type\":\"Article\",\"@id\":\"https:\/\/visitthingeyri.is\/threttandagledi\/#article\",\"isPartOf\":{\"@id\":\"https:\/\/visitthingeyri.is\/threttandagledi\/\"},\"author\":{\"name\":\"Gu\u00f0r\u00fan D. Gu\u00f0mundsd\u00f3ttir\",\"@id\":\"https:\/\/visitthingeyri.is\/#\/schema\/person\/f1c9a2ae13378eae4b11b618559f06c0\"},\"headline\":\"\u00derett\u00e1ndagle\u00f0i \u00e1 \u00deingeyri\",\"datePublished\":\"2024-05-09T12:52:53+00:00\",\"dateModified\":\"2024-05-09T12:59:38+00:00\",\"mainEntityOfPage\":{\"@id\":\"https:\/\/visitthingeyri.is\/threttandagledi\/\"},\"wordCount\":67,\"commentCount\":0,\"publisher\":{\"@id\":\"https:\/\/visitthingeyri.is\/#organization\"},\"image\":{\"@id\":\"https:\/\/visitthingeyri.is\/threttandagledi\/#primaryimage\"},\"thumbnailUrl\":\"https:\/\/visitthingeyri.is\/wp-content\/uploads\/2024\/01\/20240106-DSC017131.jpg\",\"articleSection\":[\"D\u00e6gradv\u00f6l\",\"F\u00f3lki\u00f0\",\"Menning\"],\"inLanguage\":\"en-US\",\"potentialAction\":[{\"@type\":\"CommentAction\",\"name\":\"Comment\",\"target\":[\"https:\/\/visitthingeyri.is\/threttandagledi\/#respond\"]}]},{\"@type\":\"WebPage\",\"@id\":\"https:\/\/visitthingeyri.is\/threttandagledi\/\",\"url\":\"https:\/\/visitthingeyri.is\/threttandagledi\/\",\"name\":\"\u00derett\u00e1ndagle\u00f0i \u00e1 \u00deingeyri | Visit \u00deingeyri\",\"isPartOf\":{\"@id\":\"https:\/\/visitthingeyri.is\/#website\"},\"primaryImageOfPage\":{\"@id\":\"https:\/\/visitthingeyri.is\/threttandagledi\/#primaryimage\"},\"image\":{\"@id\":\"https:\/\/visitthingeyri.is\/threttandagledi\/#primaryimage\"},\"thumbnailUrl\":\"https:\/\/visitthingeyri.is\/wp-content\/uploads\/2024\/01\/20240106-DSC017131.jpg\",\"datePublished\":\"2024-05-09T12:52:53+00:00\",\"dateModified\":\"2024-05-09T12:59:38+00:00\",\"breadcrumb\":{\"@id\":\"https:\/\/visitthingeyri.is\/threttandagledi\/#breadcrumb\"},\"inLanguage\":\"en-US\",\"potentialAction\":[{\"@type\":\"ReadAction\",\"target\":[\"https:\/\/visitthingeyri.is\/threttandagledi\/\"]}]},{\"@type\":\"ImageObject\",\"inLanguage\":\"en-US\",\"@id\":\"https:\/\/visitthingeyri.is\/threttandagledi\/#primaryimage\",\"url\":\"https:\/\/visitthingeyri.is\/wp-content\/uploads\/2024\/01\/20240106-DSC017131.jpg\",\"contentUrl\":\"https:\/\/visitthingeyri.is\/wp-content\/uploads\/2024\/01\/20240106-DSC017131.jpg\",\"width\":1600,\"height\":1067,\"caption\":\"\u00derett\u00e1ndagle\u00f0i \u00e1 \u00deingeyri.\"},{\"@type\":\"BreadcrumbList\",\"@id\":\"https:\/\/visitthingeyri.is\/threttandagledi\/#breadcrumb\",\"itemListElement\":[{\"@type\":\"ListItem\",\"position\":1,\"name\":\"Home\",\"item\":\"https:\/\/visitthingeyri.is\/\"},{\"@type\":\"ListItem\",\"position\":2,\"name\":\"\u00derett\u00e1ndagle\u00f0i \u00e1 \u00deingeyri\"}]},{\"@type\":\"WebSite\",\"@id\":\"https:\/\/visitthingeyri.is\/#website\",\"url\":\"https:\/\/visitthingeyri.is\/\",\"name\":\"Visit \u00deingeyri\",\"description\":\"Komdu og nj\u00f3ttu \u00ed hjarta Vestfjar\u00f0a\",\"publisher\":{\"@id\":\"https:\/\/visitthingeyri.is\/#organization\"},\"potentialAction\":[{\"@type\":\"SearchAction\",\"target\":{\"@type\":\"EntryPoint\",\"urlTemplate\":\"https:\/\/visitthingeyri.is\/?s={search_term_string}\"},\"query-input\":{\"@type\":\"PropertyValueSpecification\",\"valueRequired\":true,\"valueName\":\"search_term_string\"}}],\"inLanguage\":\"en-US\"},{\"@type\":\"Organization\",\"@id\":\"https:\/\/visitthingeyri.is\/#organization\",\"name\":\"Visit \u00deingeyri\",\"url\":\"https:\/\/visitthingeyri.is\/\",\"logo\":{\"@type\":\"ImageObject\",\"inLanguage\":\"en-US\",\"@id\":\"https:\/\/visitthingeyri.is\/#\/schema\/logo\/image\/\",\"url\":\"https:\/\/visitthingeyri.is\/wp-content\/uploads\/2023\/12\/Isafjardarbaer-merki.svg\",\"contentUrl\":\"https:\/\/visitthingeyri.is\/wp-content\/uploads\/2023\/12\/Isafjardarbaer-merki.svg\",\"width\":200,\"height\":119,\"caption\":\"Visit \u00deingeyri\"},\"image\":{\"@id\":\"https:\/\/visitthingeyri.is\/#\/schema\/logo\/image\/\"}},{\"@type\":\"Person\",\"@id\":\"https:\/\/visitthingeyri.is\/#\/schema\/person\/f1c9a2ae13378eae4b11b618559f06c0\",\"name\":\"Gu\u00f0r\u00fan D. Gu\u00f0mundsd\u00f3ttir\",\"image\":{\"@type\":\"ImageObject\",\"inLanguage\":\"en-US\",\"@id\":\"https:\/\/visitthingeyri.is\/#\/schema\/person\/image\/\",\"url\":\"https:\/\/secure.gravatar.com\/avatar\/a3563c91eab53bf19c746c599c59ca084483682e24e7560b5b81dea33a334a28?s=96&d=mm&r=g\",\"contentUrl\":\"https:\/\/secure.gravatar.com\/avatar\/a3563c91eab53bf19c746c599c59ca084483682e24e7560b5b81dea33a334a28?s=96&d=mm&r=g\",\"caption\":\"Gu\u00f0r\u00fan D. Gu\u00f0mundsd\u00f3ttir\"},\"url\":\"https:\/\/visitthingeyri.is\/en\/author\/gunna\/\"}]}<\/script>\n<!-- \/ Yoast SEO plugin. -->","yoast_head_json":{"title":"\u00derett\u00e1ndagle\u00f0i \u00e1 \u00deingeyri | Visit \u00deingeyri","robots":{"index":"index","follow":"follow","max-snippet":"max-snippet:-1","max-image-preview":"max-image-preview:large","max-video-preview":"max-video-preview:-1"},"canonical":"https:\/\/visitthingeyri.is\/en\/threttandagledi\/","og_locale":"en_US","og_type":"article","og_title":"\u00derett\u00e1ndagle\u00f0i \u00e1 \u00deingeyri | Visit \u00deingeyri","og_description":"\u00c1rlega standa Bj\u00f6rgunarsveitin D\u00fdri og \u00cd\u00fer\u00f3ttaf\u00e9lagi\u00f0 H\u00f6frungur fyrir \u00ferett\u00e1ndagle\u00f0i \u00e1 \u00deingeyri. Gengi\u00f0 er \u00fat Brekkug\u00f6tu, A\u00f0alstr\u00e6ti, ni\u00f0ur Vallarg\u00f6tu en fj\u00f6rinu l\u00fdkur svo gjarnan me\u00f0 flugeldas\u00fdningu.","og_url":"https:\/\/visitthingeyri.is\/en\/threttandagledi\/","og_site_name":"Visit \u00deingeyri","article_published_time":"2024-05-09T12:52:53+00:00","article_modified_time":"2024-05-09T12:59:38+00:00","og_image":[{"width":1600,"height":1067,"url":"https:\/\/visitthingeyri.is\/wp-content\/uploads\/2024\/01\/20240106-DSC017131.jpg","type":"image\/jpeg"}],"author":"Gu\u00f0r\u00fan D. Gu\u00f0mundsd\u00f3ttir","twitter_card":"summary_large_image","twitter_misc":{"Written by":"Gu\u00f0r\u00fan D. Gu\u00f0mundsd\u00f3ttir","Est. reading time":"2 minutes"},"schema":{"@context":"https:\/\/schema.org","@graph":[{"@type":"Article","@id":"https:\/\/visitthingeyri.is\/threttandagledi\/#article","isPartOf":{"@id":"https:\/\/visitthingeyri.is\/threttandagledi\/"},"author":{"name":"Gu\u00f0r\u00fan D. Gu\u00f0mundsd\u00f3ttir","@id":"https:\/\/visitthingeyri.is\/#\/schema\/person\/f1c9a2ae13378eae4b11b618559f06c0"},"headline":"\u00derett\u00e1ndagle\u00f0i \u00e1 \u00deingeyri","datePublished":"2024-05-09T12:52:53+00:00","dateModified":"2024-05-09T12:59:38+00:00","mainEntityOfPage":{"@id":"https:\/\/visitthingeyri.is\/threttandagledi\/"},"wordCount":67,"commentCount":0,"publisher":{"@id":"https:\/\/visitthingeyri.is\/#organization"},"image":{"@id":"https:\/\/visitthingeyri.is\/threttandagledi\/#primaryimage"},"thumbnailUrl":"https:\/\/visitthingeyri.is\/wp-content\/uploads\/2024\/01\/20240106-DSC017131.jpg","articleSection":["D\u00e6gradv\u00f6l","F\u00f3lki\u00f0","Menning"],"inLanguage":"en-US","potentialAction":[{"@type":"CommentAction","name":"Comment","target":["https:\/\/visitthingeyri.is\/threttandagledi\/#respond"]}]},{"@type":"WebPage","@id":"https:\/\/visitthingeyri.is\/threttandagledi\/","url":"https:\/\/visitthingeyri.is\/threttandagledi\/","name":"\u00derett\u00e1ndagle\u00f0i \u00e1 \u00deingeyri | Visit \u00deingeyri","isPartOf":{"@id":"https:\/\/visitthingeyri.is\/#website"},"primaryImageOfPage":{"@id":"https:\/\/visitthingeyri.is\/threttandagledi\/#primaryimage"},"image":{"@id":"https:\/\/visitthingeyri.is\/threttandagledi\/#primaryimage"},"thumbnailUrl":"https:\/\/visitthingeyri.is\/wp-content\/uploads\/2024\/01\/20240106-DSC017131.jpg","datePublished":"2024-05-09T12:52:53+00:00","dateModified":"2024-05-09T12:59:38+00:00","breadcrumb":{"@id":"https:\/\/visitthingeyri.is\/threttandagledi\/#breadcrumb"},"inLanguage":"en-US","potentialAction":[{"@type":"ReadAction","target":["https:\/\/visitthingeyri.is\/threttandagledi\/"]}]},{"@type":"ImageObject","inLanguage":"en-US","@id":"https:\/\/visitthingeyri.is\/threttandagledi\/#primaryimage","url":"https:\/\/visitthingeyri.is\/wp-content\/uploads\/2024\/01\/20240106-DSC017131.jpg","contentUrl":"https:\/\/visitthingeyri.is\/wp-content\/uploads\/2024\/01\/20240106-DSC017131.jpg","width":1600,"height":1067,"caption":"\u00derett\u00e1ndagle\u00f0i \u00e1 \u00deingeyri."},{"@type":"BreadcrumbList","@id":"https:\/\/visitthingeyri.is\/threttandagledi\/#breadcrumb","itemListElement":[{"@type":"ListItem","position":1,"name":"Home","item":"https:\/\/visitthingeyri.is\/"},{"@type":"ListItem","position":2,"name":"\u00derett\u00e1ndagle\u00f0i \u00e1 \u00deingeyri"}]},{"@type":"WebSite","@id":"https:\/\/visitthingeyri.is\/#website","url":"https:\/\/visitthingeyri.is\/","name":"Visit \u00deingeyri","description":"Komdu og nj\u00f3ttu \u00ed hjarta Vestfjar\u00f0a","publisher":{"@id":"https:\/\/visitthingeyri.is\/#organization"},"potentialAction":[{"@type":"SearchAction","target":{"@type":"EntryPoint","urlTemplate":"https:\/\/visitthingeyri.is\/?s={search_term_string}"},"query-input":{"@type":"PropertyValueSpecification","valueRequired":true,"valueName":"search_term_string"}}],"inLanguage":"en-US"},{"@type":"Organization","@id":"https:\/\/visitthingeyri.is\/#organization","name":"Visit \u00deingeyri","url":"https:\/\/visitthingeyri.is\/","logo":{"@type":"ImageObject","inLanguage":"en-US","@id":"https:\/\/visitthingeyri.is\/#\/schema\/logo\/image\/","url":"https:\/\/visitthingeyri.is\/wp-content\/uploads\/2023\/12\/Isafjardarbaer-merki.svg","contentUrl":"https:\/\/visitthingeyri.is\/wp-content\/uploads\/2023\/12\/Isafjardarbaer-merki.svg","width":200,"height":119,"caption":"Visit \u00deingeyri"},"image":{"@id":"https:\/\/visitthingeyri.is\/#\/schema\/logo\/image\/"}},{"@type":"Person","@id":"https:\/\/visitthingeyri.is\/#\/schema\/person\/f1c9a2ae13378eae4b11b618559f06c0","name":"Gu\u00f0r\u00fan D. Gu\u00f0mundsd\u00f3ttir","image":{"@type":"ImageObject","inLanguage":"en-US","@id":"https:\/\/visitthingeyri.is\/#\/schema\/person\/image\/","url":"https:\/\/secure.gravatar.com\/avatar\/a3563c91eab53bf19c746c599c59ca084483682e24e7560b5b81dea33a334a28?s=96&d=mm&r=g","contentUrl":"https:\/\/secure.gravatar.com\/avatar\/a3563c91eab53bf19c746c599c59ca084483682e24e7560b5b81dea33a334a28?s=96&d=mm&r=g","caption":"Gu\u00f0r\u00fan D. Gu\u00f0mundsd\u00f3ttir"},"url":"https:\/\/visitthingeyri.is\/en\/author\/gunna\/"}]}},"_links":{"self":[{"href":"https:\/\/visitthingeyri.is\/en\/wp-json\/wp\/v2\/posts\/1368","targetHints":{"allow":["GET"]}}],"collection":[{"href":"https:\/\/visitthingeyri.is\/en\/wp-json\/wp\/v2\/posts"}],"about":[{"href":"https:\/\/visitthingeyri.is\/en\/wp-json\/wp\/v2\/types\/post"}],"author":[{"embeddable":true,"href":"https:\/\/visitthingeyri.is\/en\/wp-json\/wp\/v2\/users\/2"}],"replies":[{"embeddable":true,"href":"https:\/\/visitthingeyri.is\/en\/wp-json\/wp\/v2\/comments?post=1368"}],"version-history":[{"count":5,"href":"https:\/\/visitthingeyri.is\/en\/wp-json\/wp\/v2\/posts\/1368\/revisions"}],"predecessor-version":[{"id":1835,"href":"https:\/\/visitthingeyri.is\/en\/wp-json\/wp\/v2\/posts\/1368\/revisions\/1835"}],"wp:featuredmedia":[{"embeddable":true,"href":"https:\/\/visitthingeyri.is\/en\/wp-json\/wp\/v2\/media\/1369"}],"wp:attachment":[{"href":"https:\/\/visitthingeyri.is\/en\/wp-json\/wp\/v2\/media?parent=1368"}],"wp:term":[{"taxonomy":"category","embeddable":true,"href":"https:\/\/visitthingeyri.is\/en\/wp-json\/wp\/v2\/categories?post=1368"},{"taxonomy":"post_tag","embeddable":true,"href":"https:\/\/visitthingeyri.is\/en\/wp-json\/wp\/v2\/tags?post=1368"}],"curies":[{"name":"wp","href":"https:\/\/api.w.org\/{rel}","templated":true}]}}