{"id":2091,"date":"2024-07-08T12:53:49","date_gmt":"2024-07-08T12:53:49","guid":{"rendered":"https:\/\/visitthingeyri.is\/?p=2091"},"modified":"2024-07-08T12:56:22","modified_gmt":"2024-07-08T12:56:22","slug":"komediuleikhusid","status":"publish","type":"post","link":"https:\/\/visitthingeyri.is\/en\/komediuleikhusid\/","title":{"rendered":"K\u00f3med\u00eduleikh\u00fasi\u00f0"},"content":{"rendered":"<p>K\u00f3med\u00eduleikh\u00fasi\u00f0 er fyrsta og eina atvinnuleikh\u00fas Vestfjar\u00f0a, stofna\u00f0 1997. Leikh\u00fasi\u00f0 hefur sett \u00e1 svi\u00f0 45 leikverk sem eiga \u00fea\u00f0 flest sameiginlegt a\u00f0 tengjast s\u00f6gu Vestfjar\u00f0a \u00e1 einn e\u00f0a annan h\u00e1tt. K\u00f3med\u00eduleikh\u00fasi\u00f0 hefur einbeitt s\u00e9r a\u00f0 einleikjum sem hafa vaki\u00f0 mikla athygli b\u00e6\u00f0i h\u00e9r heima og erlendis. Fyrsti einleikurinn var Leikur \u00e1n or\u00f0a, 2001, eftir Samuel Beckett en eftir \u00fea\u00f0 hafa allir einleikirnir komi\u00f0 \u00far smi\u00f0ju leikh\u00fassins. Af \u00feeim m\u00e1 nefna Muggur, 2002, Steinn Steinarr, 2003, ver\u00f0launaleikinn G\u00edsli S\u00farsson, 2005, P\u00e9tur og Einar, 2008, Bjarni \u00e1 F\u00f6nix, 2010, J\u00f3n Sigur\u00f0sson str\u00e1kur a\u00f0 vestan, 2011, Fjalla-Eyvindur, 2013, Grettir, 2015, G\u00edsli \u00e1 Upps\u00f6lum, 2017, EG, 2018, og Dimmalimm, 2019. K\u00f3med\u00eduleikh\u00fasi\u00f0 er \u00fe\u00f3 ekki svona einh\u00e6ft og hefur einnig sett \u00e1 svi\u00f0 nokkra tv\u00edleiki. M\u00e1 \u00fear nefna lj\u00f3\u00f0aleikinn \u00deorpi\u00f0, 2009, barnaleikriti\u00f0 Halla, 2014, og h\u00e1p\u00f3lit\u00edska gamanleikinn Heilsug\u00e6slan, 2009. Vi\u00f0mesta uppf\u00e6rsla leikh\u00fassins er&nbsp; S\u00ed\u00f0asti dagur Sveins skotta, 2010, en \u00fear voru sex leikarar \u00e1 svi\u00f0inu. A\u00f0 lokum er gaman a\u00f0 geta \u00feess a\u00f0 K\u00f3med\u00eduleikh\u00fasi\u00f0 hefur starfa\u00f0 talsvert \u00ed \u00fatg\u00e1fu og gefi\u00f0 \u00fat um \u00ferj\u00e1t\u00edu b\u00e6kur og hlj\u00f3\u00f0b\u00e6kur.<\/p>\n\n\n\n<p><a href=\"https:\/\/www.facebook.com\/profile.php?id=100057580332750\">(20) Facebook<\/a><\/p>\n\n\n\n<p><a href=\"tel:8917025\">891-7025<\/a><\/p>\n\n\n\n<p>komedia.is<\/p>\n\n\n\n<ul class=\"wp-block-list\">\n<li>K\u00f3med\u00eduleikh\u00fasi\u00f0, Haukadalur, D\u00fdrafir\u00f0i, 471 \u00deingeyri<\/li>\n<\/ul>\n\n\n\n<p>komedia@komedia.is<\/p>","protected":false},"excerpt":{"rendered":"<p>K\u00f3med\u00eduleikh\u00fasi\u00f0 er fyrsta og eina atvinnuleikh\u00fas Vestfjar\u00f0a, stofna\u00f0 1997. Leikh\u00fasi\u00f0 hefur sett \u00e1 svi\u00f0 45 leikverk sem eiga \u00fea\u00f0 flest sameiginlegt a\u00f0 tengjast s\u00f6gu Vestfjar\u00f0a \u00e1 einn e\u00f0a annan h\u00e1tt.<\/p>","protected":false},"author":2,"featured_media":2092,"comment_status":"closed","ping_status":"open","sticky":false,"template":"","format":"standard","meta":{"footnotes":""},"categories":[12,8],"tags":[],"class_list":["post-2091","post","type-post","status-publish","format-standard","has-post-thumbnail","hentry","category-daegradvol","category-menning"],"yoast_head":"<!-- This site is optimized with the Yoast SEO plugin v25.1 - https:\/\/yoast.com\/wordpress\/plugins\/seo\/ -->\n<title>K\u00f3med\u00eduleikh\u00fasi\u00f0 | Visit \u00deingeyri<\/title>\n<meta name=\"robots\" content=\"index, follow, max-snippet:-1, max-image-preview:large, max-video-preview:-1\" \/>\n<link rel=\"canonical\" href=\"https:\/\/visitthingeyri.is\/en\/komediuleikhusid\/\" \/>\n<meta property=\"og:locale\" content=\"en_US\" \/>\n<meta property=\"og:type\" content=\"article\" \/>\n<meta property=\"og:title\" content=\"K\u00f3med\u00eduleikh\u00fasi\u00f0 | Visit \u00deingeyri\" \/>\n<meta property=\"og:description\" content=\"K\u00f3med\u00eduleikh\u00fasi\u00f0 er fyrsta og eina atvinnuleikh\u00fas Vestfjar\u00f0a, stofna\u00f0 1997. Leikh\u00fasi\u00f0 hefur sett \u00e1 svi\u00f0 45 leikverk sem eiga \u00fea\u00f0 flest sameiginlegt a\u00f0 tengjast s\u00f6gu Vestfjar\u00f0a \u00e1 einn e\u00f0a annan h\u00e1tt.\" \/>\n<meta property=\"og:url\" content=\"https:\/\/visitthingeyri.is\/en\/komediuleikhusid\/\" \/>\n<meta property=\"og:site_name\" content=\"Visit \u00deingeyri\" \/>\n<meta property=\"article:published_time\" content=\"2024-07-08T12:53:49+00:00\" \/>\n<meta property=\"article:modified_time\" content=\"2024-07-08T12:56:22+00:00\" \/>\n<meta property=\"og:image\" content=\"https:\/\/visitthingeyri.is\/wp-content\/uploads\/2024\/07\/komidiuleik.webp\" \/>\n\t<meta property=\"og:image:width\" content=\"1470\" \/>\n\t<meta property=\"og:image:height\" content=\"1103\" \/>\n\t<meta property=\"og:image:type\" content=\"image\/webp\" \/>\n<meta name=\"author\" content=\"Gu\u00f0r\u00fan D. Gu\u00f0mundsd\u00f3ttir\" \/>\n<meta name=\"twitter:card\" content=\"summary_large_image\" \/>\n<meta name=\"twitter:label1\" content=\"Written by\" \/>\n\t<meta name=\"twitter:data1\" content=\"Gu\u00f0r\u00fan D. Gu\u00f0mundsd\u00f3ttir\" \/>\n\t<meta name=\"twitter:label2\" content=\"Est. reading time\" \/>\n\t<meta name=\"twitter:data2\" content=\"2 minutes\" \/>\n<script type=\"application\/ld+json\" class=\"yoast-schema-graph\">{\"@context\":\"https:\/\/schema.org\",\"@graph\":[{\"@type\":\"Article\",\"@id\":\"https:\/\/visitthingeyri.is\/komediuleikhusid\/#article\",\"isPartOf\":{\"@id\":\"https:\/\/visitthingeyri.is\/komediuleikhusid\/\"},\"author\":{\"name\":\"Gu\u00f0r\u00fan D. Gu\u00f0mundsd\u00f3ttir\",\"@id\":\"https:\/\/visitthingeyri.is\/#\/schema\/person\/f1c9a2ae13378eae4b11b618559f06c0\"},\"headline\":\"K\u00f3med\u00eduleikh\u00fasi\u00f0\",\"datePublished\":\"2024-07-08T12:53:49+00:00\",\"dateModified\":\"2024-07-08T12:56:22+00:00\",\"mainEntityOfPage\":{\"@id\":\"https:\/\/visitthingeyri.is\/komediuleikhusid\/\"},\"wordCount\":220,\"publisher\":{\"@id\":\"https:\/\/visitthingeyri.is\/#organization\"},\"image\":{\"@id\":\"https:\/\/visitthingeyri.is\/komediuleikhusid\/#primaryimage\"},\"thumbnailUrl\":\"https:\/\/visitthingeyri.is\/wp-content\/uploads\/2024\/07\/komidiuleik.webp\",\"articleSection\":[\"D\u00e6gradv\u00f6l\",\"Menning\"],\"inLanguage\":\"en-US\"},{\"@type\":\"WebPage\",\"@id\":\"https:\/\/visitthingeyri.is\/komediuleikhusid\/\",\"url\":\"https:\/\/visitthingeyri.is\/komediuleikhusid\/\",\"name\":\"K\u00f3med\u00eduleikh\u00fasi\u00f0 | Visit \u00deingeyri\",\"isPartOf\":{\"@id\":\"https:\/\/visitthingeyri.is\/#website\"},\"primaryImageOfPage\":{\"@id\":\"https:\/\/visitthingeyri.is\/komediuleikhusid\/#primaryimage\"},\"image\":{\"@id\":\"https:\/\/visitthingeyri.is\/komediuleikhusid\/#primaryimage\"},\"thumbnailUrl\":\"https:\/\/visitthingeyri.is\/wp-content\/uploads\/2024\/07\/komidiuleik.webp\",\"datePublished\":\"2024-07-08T12:53:49+00:00\",\"dateModified\":\"2024-07-08T12:56:22+00:00\",\"breadcrumb\":{\"@id\":\"https:\/\/visitthingeyri.is\/komediuleikhusid\/#breadcrumb\"},\"inLanguage\":\"en-US\",\"potentialAction\":[{\"@type\":\"ReadAction\",\"target\":[\"https:\/\/visitthingeyri.is\/komediuleikhusid\/\"]}]},{\"@type\":\"ImageObject\",\"inLanguage\":\"en-US\",\"@id\":\"https:\/\/visitthingeyri.is\/komediuleikhusid\/#primaryimage\",\"url\":\"https:\/\/visitthingeyri.is\/wp-content\/uploads\/2024\/07\/komidiuleik.webp\",\"contentUrl\":\"https:\/\/visitthingeyri.is\/wp-content\/uploads\/2024\/07\/komidiuleik.webp\",\"width\":1470,\"height\":1103,\"caption\":\"K\u00f3mid\u00eduleikh\u00fasi\u00f0\"},{\"@type\":\"BreadcrumbList\",\"@id\":\"https:\/\/visitthingeyri.is\/komediuleikhusid\/#breadcrumb\",\"itemListElement\":[{\"@type\":\"ListItem\",\"position\":1,\"name\":\"Home\",\"item\":\"https:\/\/visitthingeyri.is\/\"},{\"@type\":\"ListItem\",\"position\":2,\"name\":\"K\u00f3med\u00eduleikh\u00fasi\u00f0\"}]},{\"@type\":\"WebSite\",\"@id\":\"https:\/\/visitthingeyri.is\/#website\",\"url\":\"https:\/\/visitthingeyri.is\/\",\"name\":\"Visit \u00deingeyri\",\"description\":\"Komdu og nj\u00f3ttu \u00ed hjarta Vestfjar\u00f0a\",\"publisher\":{\"@id\":\"https:\/\/visitthingeyri.is\/#organization\"},\"potentialAction\":[{\"@type\":\"SearchAction\",\"target\":{\"@type\":\"EntryPoint\",\"urlTemplate\":\"https:\/\/visitthingeyri.is\/?s={search_term_string}\"},\"query-input\":{\"@type\":\"PropertyValueSpecification\",\"valueRequired\":true,\"valueName\":\"search_term_string\"}}],\"inLanguage\":\"en-US\"},{\"@type\":\"Organization\",\"@id\":\"https:\/\/visitthingeyri.is\/#organization\",\"name\":\"Visit \u00deingeyri\",\"url\":\"https:\/\/visitthingeyri.is\/\",\"logo\":{\"@type\":\"ImageObject\",\"inLanguage\":\"en-US\",\"@id\":\"https:\/\/visitthingeyri.is\/#\/schema\/logo\/image\/\",\"url\":\"https:\/\/visitthingeyri.is\/wp-content\/uploads\/2023\/12\/Isafjardarbaer-merki.svg\",\"contentUrl\":\"https:\/\/visitthingeyri.is\/wp-content\/uploads\/2023\/12\/Isafjardarbaer-merki.svg\",\"width\":200,\"height\":119,\"caption\":\"Visit \u00deingeyri\"},\"image\":{\"@id\":\"https:\/\/visitthingeyri.is\/#\/schema\/logo\/image\/\"}},{\"@type\":\"Person\",\"@id\":\"https:\/\/visitthingeyri.is\/#\/schema\/person\/f1c9a2ae13378eae4b11b618559f06c0\",\"name\":\"Gu\u00f0r\u00fan D. Gu\u00f0mundsd\u00f3ttir\",\"image\":{\"@type\":\"ImageObject\",\"inLanguage\":\"en-US\",\"@id\":\"https:\/\/visitthingeyri.is\/#\/schema\/person\/image\/\",\"url\":\"https:\/\/secure.gravatar.com\/avatar\/a3563c91eab53bf19c746c599c59ca084483682e24e7560b5b81dea33a334a28?s=96&d=mm&r=g\",\"contentUrl\":\"https:\/\/secure.gravatar.com\/avatar\/a3563c91eab53bf19c746c599c59ca084483682e24e7560b5b81dea33a334a28?s=96&d=mm&r=g\",\"caption\":\"Gu\u00f0r\u00fan D. Gu\u00f0mundsd\u00f3ttir\"},\"url\":\"https:\/\/visitthingeyri.is\/en\/author\/gunna\/\"}]}<\/script>\n<!-- \/ Yoast SEO plugin. -->","yoast_head_json":{"title":"K\u00f3med\u00eduleikh\u00fasi\u00f0 | Visit \u00deingeyri","robots":{"index":"index","follow":"follow","max-snippet":"max-snippet:-1","max-image-preview":"max-image-preview:large","max-video-preview":"max-video-preview:-1"},"canonical":"https:\/\/visitthingeyri.is\/en\/komediuleikhusid\/","og_locale":"en_US","og_type":"article","og_title":"K\u00f3med\u00eduleikh\u00fasi\u00f0 | Visit \u00deingeyri","og_description":"K\u00f3med\u00eduleikh\u00fasi\u00f0 er fyrsta og eina atvinnuleikh\u00fas Vestfjar\u00f0a, stofna\u00f0 1997. Leikh\u00fasi\u00f0 hefur sett \u00e1 svi\u00f0 45 leikverk sem eiga \u00fea\u00f0 flest sameiginlegt a\u00f0 tengjast s\u00f6gu Vestfjar\u00f0a \u00e1 einn e\u00f0a annan h\u00e1tt.","og_url":"https:\/\/visitthingeyri.is\/en\/komediuleikhusid\/","og_site_name":"Visit \u00deingeyri","article_published_time":"2024-07-08T12:53:49+00:00","article_modified_time":"2024-07-08T12:56:22+00:00","og_image":[{"width":1470,"height":1103,"url":"https:\/\/visitthingeyri.is\/wp-content\/uploads\/2024\/07\/komidiuleik.webp","type":"image\/webp"}],"author":"Gu\u00f0r\u00fan D. Gu\u00f0mundsd\u00f3ttir","twitter_card":"summary_large_image","twitter_misc":{"Written by":"Gu\u00f0r\u00fan D. Gu\u00f0mundsd\u00f3ttir","Est. reading time":"2 minutes"},"schema":{"@context":"https:\/\/schema.org","@graph":[{"@type":"Article","@id":"https:\/\/visitthingeyri.is\/komediuleikhusid\/#article","isPartOf":{"@id":"https:\/\/visitthingeyri.is\/komediuleikhusid\/"},"author":{"name":"Gu\u00f0r\u00fan D. Gu\u00f0mundsd\u00f3ttir","@id":"https:\/\/visitthingeyri.is\/#\/schema\/person\/f1c9a2ae13378eae4b11b618559f06c0"},"headline":"K\u00f3med\u00eduleikh\u00fasi\u00f0","datePublished":"2024-07-08T12:53:49+00:00","dateModified":"2024-07-08T12:56:22+00:00","mainEntityOfPage":{"@id":"https:\/\/visitthingeyri.is\/komediuleikhusid\/"},"wordCount":220,"publisher":{"@id":"https:\/\/visitthingeyri.is\/#organization"},"image":{"@id":"https:\/\/visitthingeyri.is\/komediuleikhusid\/#primaryimage"},"thumbnailUrl":"https:\/\/visitthingeyri.is\/wp-content\/uploads\/2024\/07\/komidiuleik.webp","articleSection":["D\u00e6gradv\u00f6l","Menning"],"inLanguage":"en-US"},{"@type":"WebPage","@id":"https:\/\/visitthingeyri.is\/komediuleikhusid\/","url":"https:\/\/visitthingeyri.is\/komediuleikhusid\/","name":"K\u00f3med\u00eduleikh\u00fasi\u00f0 | Visit \u00deingeyri","isPartOf":{"@id":"https:\/\/visitthingeyri.is\/#website"},"primaryImageOfPage":{"@id":"https:\/\/visitthingeyri.is\/komediuleikhusid\/#primaryimage"},"image":{"@id":"https:\/\/visitthingeyri.is\/komediuleikhusid\/#primaryimage"},"thumbnailUrl":"https:\/\/visitthingeyri.is\/wp-content\/uploads\/2024\/07\/komidiuleik.webp","datePublished":"2024-07-08T12:53:49+00:00","dateModified":"2024-07-08T12:56:22+00:00","breadcrumb":{"@id":"https:\/\/visitthingeyri.is\/komediuleikhusid\/#breadcrumb"},"inLanguage":"en-US","potentialAction":[{"@type":"ReadAction","target":["https:\/\/visitthingeyri.is\/komediuleikhusid\/"]}]},{"@type":"ImageObject","inLanguage":"en-US","@id":"https:\/\/visitthingeyri.is\/komediuleikhusid\/#primaryimage","url":"https:\/\/visitthingeyri.is\/wp-content\/uploads\/2024\/07\/komidiuleik.webp","contentUrl":"https:\/\/visitthingeyri.is\/wp-content\/uploads\/2024\/07\/komidiuleik.webp","width":1470,"height":1103,"caption":"K\u00f3mid\u00eduleikh\u00fasi\u00f0"},{"@type":"BreadcrumbList","@id":"https:\/\/visitthingeyri.is\/komediuleikhusid\/#breadcrumb","itemListElement":[{"@type":"ListItem","position":1,"name":"Home","item":"https:\/\/visitthingeyri.is\/"},{"@type":"ListItem","position":2,"name":"K\u00f3med\u00eduleikh\u00fasi\u00f0"}]},{"@type":"WebSite","@id":"https:\/\/visitthingeyri.is\/#website","url":"https:\/\/visitthingeyri.is\/","name":"Visit \u00deingeyri","description":"Komdu og nj\u00f3ttu \u00ed hjarta Vestfjar\u00f0a","publisher":{"@id":"https:\/\/visitthingeyri.is\/#organization"},"potentialAction":[{"@type":"SearchAction","target":{"@type":"EntryPoint","urlTemplate":"https:\/\/visitthingeyri.is\/?s={search_term_string}"},"query-input":{"@type":"PropertyValueSpecification","valueRequired":true,"valueName":"search_term_string"}}],"inLanguage":"en-US"},{"@type":"Organization","@id":"https:\/\/visitthingeyri.is\/#organization","name":"Visit \u00deingeyri","url":"https:\/\/visitthingeyri.is\/","logo":{"@type":"ImageObject","inLanguage":"en-US","@id":"https:\/\/visitthingeyri.is\/#\/schema\/logo\/image\/","url":"https:\/\/visitthingeyri.is\/wp-content\/uploads\/2023\/12\/Isafjardarbaer-merki.svg","contentUrl":"https:\/\/visitthingeyri.is\/wp-content\/uploads\/2023\/12\/Isafjardarbaer-merki.svg","width":200,"height":119,"caption":"Visit \u00deingeyri"},"image":{"@id":"https:\/\/visitthingeyri.is\/#\/schema\/logo\/image\/"}},{"@type":"Person","@id":"https:\/\/visitthingeyri.is\/#\/schema\/person\/f1c9a2ae13378eae4b11b618559f06c0","name":"Gu\u00f0r\u00fan D. Gu\u00f0mundsd\u00f3ttir","image":{"@type":"ImageObject","inLanguage":"en-US","@id":"https:\/\/visitthingeyri.is\/#\/schema\/person\/image\/","url":"https:\/\/secure.gravatar.com\/avatar\/a3563c91eab53bf19c746c599c59ca084483682e24e7560b5b81dea33a334a28?s=96&d=mm&r=g","contentUrl":"https:\/\/secure.gravatar.com\/avatar\/a3563c91eab53bf19c746c599c59ca084483682e24e7560b5b81dea33a334a28?s=96&d=mm&r=g","caption":"Gu\u00f0r\u00fan D. Gu\u00f0mundsd\u00f3ttir"},"url":"https:\/\/visitthingeyri.is\/en\/author\/gunna\/"}]}},"_links":{"self":[{"href":"https:\/\/visitthingeyri.is\/en\/wp-json\/wp\/v2\/posts\/2091","targetHints":{"allow":["GET"]}}],"collection":[{"href":"https:\/\/visitthingeyri.is\/en\/wp-json\/wp\/v2\/posts"}],"about":[{"href":"https:\/\/visitthingeyri.is\/en\/wp-json\/wp\/v2\/types\/post"}],"author":[{"embeddable":true,"href":"https:\/\/visitthingeyri.is\/en\/wp-json\/wp\/v2\/users\/2"}],"replies":[{"embeddable":true,"href":"https:\/\/visitthingeyri.is\/en\/wp-json\/wp\/v2\/comments?post=2091"}],"version-history":[{"count":3,"href":"https:\/\/visitthingeyri.is\/en\/wp-json\/wp\/v2\/posts\/2091\/revisions"}],"predecessor-version":[{"id":2095,"href":"https:\/\/visitthingeyri.is\/en\/wp-json\/wp\/v2\/posts\/2091\/revisions\/2095"}],"wp:featuredmedia":[{"embeddable":true,"href":"https:\/\/visitthingeyri.is\/en\/wp-json\/wp\/v2\/media\/2092"}],"wp:attachment":[{"href":"https:\/\/visitthingeyri.is\/en\/wp-json\/wp\/v2\/media?parent=2091"}],"wp:term":[{"taxonomy":"category","embeddable":true,"href":"https:\/\/visitthingeyri.is\/en\/wp-json\/wp\/v2\/categories?post=2091"},{"taxonomy":"post_tag","embeddable":true,"href":"https:\/\/visitthingeyri.is\/en\/wp-json\/wp\/v2\/tags?post=2091"}],"curies":[{"name":"wp","href":"https:\/\/api.w.org\/{rel}","templated":true}]}}