{"id":2107,"date":"2024-07-08T13:47:49","date_gmt":"2024-07-08T13:47:49","guid":{"rendered":"https:\/\/visitthingeyri.is\/?p=2107"},"modified":"2024-07-09T08:30:23","modified_gmt":"2024-07-09T08:30:23","slug":"balinn-listarymi","status":"publish","type":"post","link":"https:\/\/visitthingeyri.is\/en\/balinn-listarymi\/","title":{"rendered":"Balinn &#8211; listar\u00fdmi"},"content":{"rendered":"<p>Ef \u00fe\u00fa heims\u00e6kir \u00deingeyri \u00ed sumar skaltu endilega k\u00edkja \u00ed listar\u00fdmi\u00f0 Balann \u00fear sem fort\u00ed\u00f0in og n\u00fat\u00edminn m\u00e6tast \u00ed listinni.<\/p>\n\n\n\n<p>Yfirgefin h\u00fas e\u00f0a ey\u00f0ib\u00fdli hafa miki\u00f0 a\u00f0dr\u00e1ttarafl, hvort sem um r\u00e6\u00f0ir \u00f3hefla\u00f0a fegur\u00f0 e\u00f0a einhverja dul\u00fa\u00f0. \u00cd Balanum gefst t\u00e6kif\u00e6ri til a\u00f0 st\u00edga inn \u00ed h\u00fas, sem stendur kalt og hr\u00e1tt \u00e1n rafmagns og rennandi vatns. <\/p>\n\n\n\n<p>H\u00fasi\u00f0 var byggt 1910 a\u00f0 Brekkug\u00f6tu 8 \u00deingeyri en hefur veri\u00f0 \u00f3\u00edb\u00fa\u00f0arh\u00e6ft og n\u00e6rri \u00f3snert \u00ed yfir tvo \u00e1ratugi. H\u00fasinu var breytt \u00ed galler\u00ed \u00e1ri\u00f0 2019 \u00fear sem listamenn geta veri\u00f0 \u00ed st\u00f6\u00f0ugu samtali vi\u00f0 s\u00f6gu h\u00fassins, arkitekt\u00far \u00feess og umhverfi\u00f0 \u00ed kring. Me\u00f0 \u00fev\u00ed a\u00f0 tengja saman umhverfi landsbygg\u00f0arinnar og sv\u00e6\u00f0isbundna \u00fe\u00e6tti, er stefna Balans a\u00f0 gera list a\u00f0gengilega og s\u00fdnilega fyrir alla, hvar sem \u00feeir b\u00faa.<\/p>\n\n\n\n<figure class=\"wp-block-gallery has-nested-images columns-default is-cropped wp-block-gallery-1 is-layout-flex wp-block-gallery-is-layout-flex\">\n<figure class=\"wp-block-image size-large\"><img fetchpriority=\"high\" decoding=\"async\" width=\"854\" height=\"960\" data-id=\"2109\" src=\"https:\/\/visitthingeyri.is\/wp-content\/uploads\/2024\/07\/balinn-2.jpg\" alt=\"\" class=\"wp-image-2109\" srcset=\"https:\/\/visitthingeyri.is\/wp-content\/uploads\/2024\/07\/balinn-2.jpg 854w, https:\/\/visitthingeyri.is\/wp-content\/uploads\/2024\/07\/balinn-2-267x300.jpg 267w, https:\/\/visitthingeyri.is\/wp-content\/uploads\/2024\/07\/balinn-2-768x863.jpg 768w, https:\/\/visitthingeyri.is\/wp-content\/uploads\/2024\/07\/balinn-2-11x12.jpg 11w\" sizes=\"(max-width: 854px) 100vw, 854px\" \/><\/figure>\n<\/figure>\n\n\n\n<p><strong>Lists\u00fdningin B T W N L N S eftir Carissa Baktay og Litten Nystr\u00f8m \u00ed allt sumar \u00ed Balanum \u00e1 \u00deingeyri.<\/strong><\/p>\n\n\n\n<p>\u00cd B T W N L N S vinna Litten Nystr\u00f8m og Carissa Baktay efni og s\u00f6gur \u00far Balanum og n\u00e1grenni og setja fram ni\u00f0urst\u00f6\u00f0urnar \u00ed \u00feessari samstarfss\u00fdningu.<\/p>\n\n\n\n<p>\u00cd gegnum \u00feema\u00f0 \u201ea\u00f0ra heims og framhaldsl\u00edf\u201c velta listamennirnir fyrir s\u00e9r hvernig \u00fe\u00e6ttir fort\u00ed\u00f0ar teygja sig inn \u00ed n\u00fat\u00edmann og halda \u00e1fram til hins \u00f3\u00feekkta. H\u00fasi\u00f0 myndast sem r\u00fdmi fjarveru og n\u00e6rveru, \u00fear sem uppdikta\u00f0ur sannleikur skekkir skynjun okkar og f\u00e6rir okkur inn \u00ed spurninguna: hva\u00f0 b\u00ed\u00f0ur handan raunveruleikans? Listmunirnir sameinast og rekast \u00e1, og hvetja \u00e1horfandann til a\u00f0 leita a\u00f0 eigin ni\u00f0urst\u00f6\u00f0um, ummerkjum og \u00f3samhverfum samhverfum.<\/p>\n\n\n\n<p>S\u00fdningin er styrkt af Orkub\u00fai Vestfjar\u00f0a.<\/p>\n\n\n\n<p><a href=\"https:\/\/www.instagram.com\/the_tub_balinn_artspace\/?fbclid=IwZXh0bgNhZW0CMTAAAR2W2ZxqwJEBk0pa6iZF_ZZ92aUIT7diuEDSES71hJzq5hnuqEdJvVcHB5o_aem_9gswWNSZvjPhqwdaR7mCeg\">The Tub Art Space \/\/ Balinn listar\u00fdmi (@the_tub_balinn_artspace) \u2022 Instagram photos and videos<\/a><\/p>\n\n\n\n<p><a href=\"https:\/\/www.facebook.com\/thetubartspace\/posts\/115591648027126\/\">(20) Artwork &#8216; Tegundir \u00ed&#8230; &#8211; The Tub Art Space \/ Balinn listar\u00fdmi | Facebook<\/a><\/p>\n\n\n\n<p>Brekkugata 8, \u00deingeyri<\/p>\n\n\n\n<p>emiliedalum5@gmail.com<\/p>\n\n\n\n<p><\/p>","protected":false},"excerpt":{"rendered":"<p>Yfirgefin h\u00fas e\u00f0a ey\u00f0ib\u00fdli hafa miki\u00f0 a\u00f0dr\u00e1ttarafl, hvort sem um r\u00e6\u00f0ir \u00f3hefla\u00f0a fegur\u00f0 e\u00f0a einhverja dul\u00fa\u00f0. \u00cd Balanum gefst t\u00e6kif\u00e6ri til a\u00f0 st\u00edga inn \u00ed h\u00fas, sem stendur kalt og hr\u00e1tt \u00e1n rafmagns og rennandi vatns.<\/p>\n<p>Ef \u00fe\u00fa heims\u00e6kir \u00deingeyri \u00ed sumar skaltu endilega k\u00edkja \u00ed listar\u00fdmi\u00f0 Balann \u00fear sem fort\u00ed\u00f0in og n\u00fat\u00edminn m\u00e6tast \u00ed listinni.<\/p>","protected":false},"author":2,"featured_media":2108,"comment_status":"closed","ping_status":"open","sticky":false,"template":"","format":"standard","meta":{"footnotes":""},"categories":[12,8],"tags":[],"class_list":["post-2107","post","type-post","status-publish","format-standard","has-post-thumbnail","hentry","category-daegradvol","category-menning"],"yoast_head":"<!-- This site is optimized with the Yoast SEO plugin v25.1 - https:\/\/yoast.com\/wordpress\/plugins\/seo\/ -->\n<title>Balinn - listar\u00fdmi | Visit \u00deingeyri<\/title>\n<meta name=\"robots\" content=\"index, follow, max-snippet:-1, max-image-preview:large, max-video-preview:-1\" \/>\n<link rel=\"canonical\" href=\"https:\/\/visitthingeyri.is\/en\/balinn-listarymi\/\" \/>\n<meta property=\"og:locale\" content=\"en_US\" \/>\n<meta property=\"og:type\" content=\"article\" \/>\n<meta property=\"og:title\" content=\"Balinn - listar\u00fdmi | Visit \u00deingeyri\" \/>\n<meta property=\"og:description\" content=\"Yfirgefin h\u00fas e\u00f0a ey\u00f0ib\u00fdli hafa miki\u00f0 a\u00f0dr\u00e1ttarafl, hvort sem um r\u00e6\u00f0ir \u00f3hefla\u00f0a fegur\u00f0 e\u00f0a einhverja dul\u00fa\u00f0. \u00cd Balanum gefst t\u00e6kif\u00e6ri til a\u00f0 st\u00edga inn \u00ed h\u00fas, sem stendur kalt og hr\u00e1tt \u00e1n rafmagns og rennandi vatns. Ef \u00fe\u00fa heims\u00e6kir \u00deingeyri \u00ed sumar skaltu endilega k\u00edkja \u00ed listar\u00fdmi\u00f0 Balann \u00fear sem fort\u00ed\u00f0in og n\u00fat\u00edminn m\u00e6tast \u00ed listinni.\" \/>\n<meta property=\"og:url\" content=\"https:\/\/visitthingeyri.is\/en\/balinn-listarymi\/\" \/>\n<meta property=\"og:site_name\" content=\"Visit \u00deingeyri\" \/>\n<meta property=\"article:published_time\" content=\"2024-07-08T13:47:49+00:00\" \/>\n<meta property=\"article:modified_time\" content=\"2024-07-09T08:30:23+00:00\" \/>\n<meta property=\"og:image\" content=\"https:\/\/visitthingeyri.is\/wp-content\/uploads\/2024\/07\/balinn.jpg\" \/>\n\t<meta property=\"og:image:width\" content=\"1200\" \/>\n\t<meta property=\"og:image:height\" content=\"600\" \/>\n\t<meta property=\"og:image:type\" content=\"image\/jpeg\" \/>\n<meta name=\"author\" content=\"Gu\u00f0r\u00fan D. Gu\u00f0mundsd\u00f3ttir\" \/>\n<meta name=\"twitter:card\" content=\"summary_large_image\" \/>\n<meta name=\"twitter:label1\" content=\"Written by\" \/>\n\t<meta name=\"twitter:data1\" content=\"Gu\u00f0r\u00fan D. Gu\u00f0mundsd\u00f3ttir\" \/>\n\t<meta name=\"twitter:label2\" content=\"Est. reading time\" \/>\n\t<meta name=\"twitter:data2\" content=\"2 minutes\" \/>\n<script type=\"application\/ld+json\" class=\"yoast-schema-graph\">{\"@context\":\"https:\/\/schema.org\",\"@graph\":[{\"@type\":\"Article\",\"@id\":\"https:\/\/visitthingeyri.is\/balinn-listarymi\/#article\",\"isPartOf\":{\"@id\":\"https:\/\/visitthingeyri.is\/balinn-listarymi\/\"},\"author\":{\"name\":\"Gu\u00f0r\u00fan D. Gu\u00f0mundsd\u00f3ttir\",\"@id\":\"https:\/\/visitthingeyri.is\/#\/schema\/person\/f1c9a2ae13378eae4b11b618559f06c0\"},\"headline\":\"Balinn &#8211; listar\u00fdmi\",\"datePublished\":\"2024-07-08T13:47:49+00:00\",\"dateModified\":\"2024-07-09T08:30:23+00:00\",\"mainEntityOfPage\":{\"@id\":\"https:\/\/visitthingeyri.is\/balinn-listarymi\/\"},\"wordCount\":320,\"publisher\":{\"@id\":\"https:\/\/visitthingeyri.is\/#organization\"},\"image\":{\"@id\":\"https:\/\/visitthingeyri.is\/balinn-listarymi\/#primaryimage\"},\"thumbnailUrl\":\"https:\/\/visitthingeyri.is\/wp-content\/uploads\/2024\/07\/balinn.jpg\",\"articleSection\":[\"D\u00e6gradv\u00f6l\",\"Menning\"],\"inLanguage\":\"en-US\"},{\"@type\":\"WebPage\",\"@id\":\"https:\/\/visitthingeyri.is\/balinn-listarymi\/\",\"url\":\"https:\/\/visitthingeyri.is\/balinn-listarymi\/\",\"name\":\"Balinn - listar\u00fdmi | Visit \u00deingeyri\",\"isPartOf\":{\"@id\":\"https:\/\/visitthingeyri.is\/#website\"},\"primaryImageOfPage\":{\"@id\":\"https:\/\/visitthingeyri.is\/balinn-listarymi\/#primaryimage\"},\"image\":{\"@id\":\"https:\/\/visitthingeyri.is\/balinn-listarymi\/#primaryimage\"},\"thumbnailUrl\":\"https:\/\/visitthingeyri.is\/wp-content\/uploads\/2024\/07\/balinn.jpg\",\"datePublished\":\"2024-07-08T13:47:49+00:00\",\"dateModified\":\"2024-07-09T08:30:23+00:00\",\"breadcrumb\":{\"@id\":\"https:\/\/visitthingeyri.is\/balinn-listarymi\/#breadcrumb\"},\"inLanguage\":\"en-US\",\"potentialAction\":[{\"@type\":\"ReadAction\",\"target\":[\"https:\/\/visitthingeyri.is\/balinn-listarymi\/\"]}]},{\"@type\":\"ImageObject\",\"inLanguage\":\"en-US\",\"@id\":\"https:\/\/visitthingeyri.is\/balinn-listarymi\/#primaryimage\",\"url\":\"https:\/\/visitthingeyri.is\/wp-content\/uploads\/2024\/07\/balinn.jpg\",\"contentUrl\":\"https:\/\/visitthingeyri.is\/wp-content\/uploads\/2024\/07\/balinn.jpg\",\"width\":1200,\"height\":600},{\"@type\":\"BreadcrumbList\",\"@id\":\"https:\/\/visitthingeyri.is\/balinn-listarymi\/#breadcrumb\",\"itemListElement\":[{\"@type\":\"ListItem\",\"position\":1,\"name\":\"Home\",\"item\":\"https:\/\/visitthingeyri.is\/\"},{\"@type\":\"ListItem\",\"position\":2,\"name\":\"Balinn &#8211; listar\u00fdmi\"}]},{\"@type\":\"WebSite\",\"@id\":\"https:\/\/visitthingeyri.is\/#website\",\"url\":\"https:\/\/visitthingeyri.is\/\",\"name\":\"Visit \u00deingeyri\",\"description\":\"Komdu og nj\u00f3ttu \u00ed hjarta Vestfjar\u00f0a\",\"publisher\":{\"@id\":\"https:\/\/visitthingeyri.is\/#organization\"},\"potentialAction\":[{\"@type\":\"SearchAction\",\"target\":{\"@type\":\"EntryPoint\",\"urlTemplate\":\"https:\/\/visitthingeyri.is\/?s={search_term_string}\"},\"query-input\":{\"@type\":\"PropertyValueSpecification\",\"valueRequired\":true,\"valueName\":\"search_term_string\"}}],\"inLanguage\":\"en-US\"},{\"@type\":\"Organization\",\"@id\":\"https:\/\/visitthingeyri.is\/#organization\",\"name\":\"Visit \u00deingeyri\",\"url\":\"https:\/\/visitthingeyri.is\/\",\"logo\":{\"@type\":\"ImageObject\",\"inLanguage\":\"en-US\",\"@id\":\"https:\/\/visitthingeyri.is\/#\/schema\/logo\/image\/\",\"url\":\"https:\/\/visitthingeyri.is\/wp-content\/uploads\/2023\/12\/Isafjardarbaer-merki.svg\",\"contentUrl\":\"https:\/\/visitthingeyri.is\/wp-content\/uploads\/2023\/12\/Isafjardarbaer-merki.svg\",\"width\":200,\"height\":119,\"caption\":\"Visit \u00deingeyri\"},\"image\":{\"@id\":\"https:\/\/visitthingeyri.is\/#\/schema\/logo\/image\/\"}},{\"@type\":\"Person\",\"@id\":\"https:\/\/visitthingeyri.is\/#\/schema\/person\/f1c9a2ae13378eae4b11b618559f06c0\",\"name\":\"Gu\u00f0r\u00fan D. Gu\u00f0mundsd\u00f3ttir\",\"image\":{\"@type\":\"ImageObject\",\"inLanguage\":\"en-US\",\"@id\":\"https:\/\/visitthingeyri.is\/#\/schema\/person\/image\/\",\"url\":\"https:\/\/secure.gravatar.com\/avatar\/a3563c91eab53bf19c746c599c59ca084483682e24e7560b5b81dea33a334a28?s=96&d=mm&r=g\",\"contentUrl\":\"https:\/\/secure.gravatar.com\/avatar\/a3563c91eab53bf19c746c599c59ca084483682e24e7560b5b81dea33a334a28?s=96&d=mm&r=g\",\"caption\":\"Gu\u00f0r\u00fan D. Gu\u00f0mundsd\u00f3ttir\"},\"url\":\"https:\/\/visitthingeyri.is\/en\/author\/gunna\/\"}]}<\/script>\n<!-- \/ Yoast SEO plugin. -->","yoast_head_json":{"title":"Balinn - listar\u00fdmi | Visit \u00deingeyri","robots":{"index":"index","follow":"follow","max-snippet":"max-snippet:-1","max-image-preview":"max-image-preview:large","max-video-preview":"max-video-preview:-1"},"canonical":"https:\/\/visitthingeyri.is\/en\/balinn-listarymi\/","og_locale":"en_US","og_type":"article","og_title":"Balinn - listar\u00fdmi | Visit \u00deingeyri","og_description":"Yfirgefin h\u00fas e\u00f0a ey\u00f0ib\u00fdli hafa miki\u00f0 a\u00f0dr\u00e1ttarafl, hvort sem um r\u00e6\u00f0ir \u00f3hefla\u00f0a fegur\u00f0 e\u00f0a einhverja dul\u00fa\u00f0. \u00cd Balanum gefst t\u00e6kif\u00e6ri til a\u00f0 st\u00edga inn \u00ed h\u00fas, sem stendur kalt og hr\u00e1tt \u00e1n rafmagns og rennandi vatns. Ef \u00fe\u00fa heims\u00e6kir \u00deingeyri \u00ed sumar skaltu endilega k\u00edkja \u00ed listar\u00fdmi\u00f0 Balann \u00fear sem fort\u00ed\u00f0in og n\u00fat\u00edminn m\u00e6tast \u00ed listinni.","og_url":"https:\/\/visitthingeyri.is\/en\/balinn-listarymi\/","og_site_name":"Visit \u00deingeyri","article_published_time":"2024-07-08T13:47:49+00:00","article_modified_time":"2024-07-09T08:30:23+00:00","og_image":[{"width":1200,"height":600,"url":"https:\/\/visitthingeyri.is\/wp-content\/uploads\/2024\/07\/balinn.jpg","type":"image\/jpeg"}],"author":"Gu\u00f0r\u00fan D. Gu\u00f0mundsd\u00f3ttir","twitter_card":"summary_large_image","twitter_misc":{"Written by":"Gu\u00f0r\u00fan D. Gu\u00f0mundsd\u00f3ttir","Est. reading time":"2 minutes"},"schema":{"@context":"https:\/\/schema.org","@graph":[{"@type":"Article","@id":"https:\/\/visitthingeyri.is\/balinn-listarymi\/#article","isPartOf":{"@id":"https:\/\/visitthingeyri.is\/balinn-listarymi\/"},"author":{"name":"Gu\u00f0r\u00fan D. Gu\u00f0mundsd\u00f3ttir","@id":"https:\/\/visitthingeyri.is\/#\/schema\/person\/f1c9a2ae13378eae4b11b618559f06c0"},"headline":"Balinn &#8211; listar\u00fdmi","datePublished":"2024-07-08T13:47:49+00:00","dateModified":"2024-07-09T08:30:23+00:00","mainEntityOfPage":{"@id":"https:\/\/visitthingeyri.is\/balinn-listarymi\/"},"wordCount":320,"publisher":{"@id":"https:\/\/visitthingeyri.is\/#organization"},"image":{"@id":"https:\/\/visitthingeyri.is\/balinn-listarymi\/#primaryimage"},"thumbnailUrl":"https:\/\/visitthingeyri.is\/wp-content\/uploads\/2024\/07\/balinn.jpg","articleSection":["D\u00e6gradv\u00f6l","Menning"],"inLanguage":"en-US"},{"@type":"WebPage","@id":"https:\/\/visitthingeyri.is\/balinn-listarymi\/","url":"https:\/\/visitthingeyri.is\/balinn-listarymi\/","name":"Balinn - listar\u00fdmi | Visit \u00deingeyri","isPartOf":{"@id":"https:\/\/visitthingeyri.is\/#website"},"primaryImageOfPage":{"@id":"https:\/\/visitthingeyri.is\/balinn-listarymi\/#primaryimage"},"image":{"@id":"https:\/\/visitthingeyri.is\/balinn-listarymi\/#primaryimage"},"thumbnailUrl":"https:\/\/visitthingeyri.is\/wp-content\/uploads\/2024\/07\/balinn.jpg","datePublished":"2024-07-08T13:47:49+00:00","dateModified":"2024-07-09T08:30:23+00:00","breadcrumb":{"@id":"https:\/\/visitthingeyri.is\/balinn-listarymi\/#breadcrumb"},"inLanguage":"en-US","potentialAction":[{"@type":"ReadAction","target":["https:\/\/visitthingeyri.is\/balinn-listarymi\/"]}]},{"@type":"ImageObject","inLanguage":"en-US","@id":"https:\/\/visitthingeyri.is\/balinn-listarymi\/#primaryimage","url":"https:\/\/visitthingeyri.is\/wp-content\/uploads\/2024\/07\/balinn.jpg","contentUrl":"https:\/\/visitthingeyri.is\/wp-content\/uploads\/2024\/07\/balinn.jpg","width":1200,"height":600},{"@type":"BreadcrumbList","@id":"https:\/\/visitthingeyri.is\/balinn-listarymi\/#breadcrumb","itemListElement":[{"@type":"ListItem","position":1,"name":"Home","item":"https:\/\/visitthingeyri.is\/"},{"@type":"ListItem","position":2,"name":"Balinn &#8211; listar\u00fdmi"}]},{"@type":"WebSite","@id":"https:\/\/visitthingeyri.is\/#website","url":"https:\/\/visitthingeyri.is\/","name":"Visit \u00deingeyri","description":"Komdu og nj\u00f3ttu \u00ed hjarta Vestfjar\u00f0a","publisher":{"@id":"https:\/\/visitthingeyri.is\/#organization"},"potentialAction":[{"@type":"SearchAction","target":{"@type":"EntryPoint","urlTemplate":"https:\/\/visitthingeyri.is\/?s={search_term_string}"},"query-input":{"@type":"PropertyValueSpecification","valueRequired":true,"valueName":"search_term_string"}}],"inLanguage":"en-US"},{"@type":"Organization","@id":"https:\/\/visitthingeyri.is\/#organization","name":"Visit \u00deingeyri","url":"https:\/\/visitthingeyri.is\/","logo":{"@type":"ImageObject","inLanguage":"en-US","@id":"https:\/\/visitthingeyri.is\/#\/schema\/logo\/image\/","url":"https:\/\/visitthingeyri.is\/wp-content\/uploads\/2023\/12\/Isafjardarbaer-merki.svg","contentUrl":"https:\/\/visitthingeyri.is\/wp-content\/uploads\/2023\/12\/Isafjardarbaer-merki.svg","width":200,"height":119,"caption":"Visit \u00deingeyri"},"image":{"@id":"https:\/\/visitthingeyri.is\/#\/schema\/logo\/image\/"}},{"@type":"Person","@id":"https:\/\/visitthingeyri.is\/#\/schema\/person\/f1c9a2ae13378eae4b11b618559f06c0","name":"Gu\u00f0r\u00fan D. Gu\u00f0mundsd\u00f3ttir","image":{"@type":"ImageObject","inLanguage":"en-US","@id":"https:\/\/visitthingeyri.is\/#\/schema\/person\/image\/","url":"https:\/\/secure.gravatar.com\/avatar\/a3563c91eab53bf19c746c599c59ca084483682e24e7560b5b81dea33a334a28?s=96&d=mm&r=g","contentUrl":"https:\/\/secure.gravatar.com\/avatar\/a3563c91eab53bf19c746c599c59ca084483682e24e7560b5b81dea33a334a28?s=96&d=mm&r=g","caption":"Gu\u00f0r\u00fan D. Gu\u00f0mundsd\u00f3ttir"},"url":"https:\/\/visitthingeyri.is\/en\/author\/gunna\/"}]}},"_links":{"self":[{"href":"https:\/\/visitthingeyri.is\/en\/wp-json\/wp\/v2\/posts\/2107","targetHints":{"allow":["GET"]}}],"collection":[{"href":"https:\/\/visitthingeyri.is\/en\/wp-json\/wp\/v2\/posts"}],"about":[{"href":"https:\/\/visitthingeyri.is\/en\/wp-json\/wp\/v2\/types\/post"}],"author":[{"embeddable":true,"href":"https:\/\/visitthingeyri.is\/en\/wp-json\/wp\/v2\/users\/2"}],"replies":[{"embeddable":true,"href":"https:\/\/visitthingeyri.is\/en\/wp-json\/wp\/v2\/comments?post=2107"}],"version-history":[{"count":2,"href":"https:\/\/visitthingeyri.is\/en\/wp-json\/wp\/v2\/posts\/2107\/revisions"}],"predecessor-version":[{"id":2112,"href":"https:\/\/visitthingeyri.is\/en\/wp-json\/wp\/v2\/posts\/2107\/revisions\/2112"}],"wp:featuredmedia":[{"embeddable":true,"href":"https:\/\/visitthingeyri.is\/en\/wp-json\/wp\/v2\/media\/2108"}],"wp:attachment":[{"href":"https:\/\/visitthingeyri.is\/en\/wp-json\/wp\/v2\/media?parent=2107"}],"wp:term":[{"taxonomy":"category","embeddable":true,"href":"https:\/\/visitthingeyri.is\/en\/wp-json\/wp\/v2\/categories?post=2107"},{"taxonomy":"post_tag","embeddable":true,"href":"https:\/\/visitthingeyri.is\/en\/wp-json\/wp\/v2\/tags?post=2107"}],"curies":[{"name":"wp","href":"https:\/\/api.w.org\/{rel}","templated":true}]}}