{"id":619,"date":"2023-12-06T14:49:12","date_gmt":"2023-12-06T14:49:12","guid":{"rendered":"https:\/\/visithingeyri.is\/?p=619"},"modified":"2023-12-06T14:51:59","modified_gmt":"2023-12-06T14:51:59","slug":"hjolaleiga","status":"publish","type":"post","link":"https:\/\/visitthingeyri.is\/en\/hjolaleiga\/","title":{"rendered":"Hj\u00f3laleiga"},"content":{"rendered":"<p>Hj\u00f3laleigan \u00ed Simbah\u00f6llinni er opin eftir bei\u00f0ni. H\u00e6gt er a\u00f0 panta hj\u00f3l me\u00f0 \u00fev\u00ed a\u00f0 senda <a href=\"mailto:simbahollin@gmail.com\">t\u00f6lvup\u00f3st.<\/a><\/p>\n\n\n\n<p>Simbah\u00f6llin er sta\u00f0sett \u00e1 Fjar\u00f0arg\u00f6tu 5, 470 \u00deingeyri.<\/p>\n\n\n\n<p><\/p>","protected":false},"excerpt":{"rendered":"<p>\u00cd Simbah\u00f6llinni \u00e1 Fjar\u00f0arg\u00f6tu 5 er hj\u00f3laleiga.<\/p>","protected":false},"author":1,"featured_media":625,"comment_status":"open","ping_status":"open","sticky":false,"template":"","format":"standard","meta":{"footnotes":""},"categories":[20,11],"tags":[],"class_list":["post-619","post","type-post","status-publish","format-standard","has-post-thumbnail","hentry","category-hjolaleiga","category-ithrottir"],"yoast_head":"<!-- This site is optimized with the Yoast SEO plugin v25.1 - https:\/\/yoast.com\/wordpress\/plugins\/seo\/ -->\n<title>Hj\u00f3laleiga | Visit \u00deingeyri<\/title>\n<meta name=\"robots\" content=\"index, follow, max-snippet:-1, max-image-preview:large, max-video-preview:-1\" \/>\n<link rel=\"canonical\" href=\"https:\/\/visitthingeyri.is\/en\/hjolaleiga\/\" \/>\n<meta property=\"og:locale\" content=\"en_US\" \/>\n<meta property=\"og:type\" content=\"article\" \/>\n<meta property=\"og:title\" content=\"Hj\u00f3laleiga | Visit \u00deingeyri\" \/>\n<meta property=\"og:description\" content=\"\u00cd Simbah\u00f6llinni \u00e1 Fjar\u00f0arg\u00f6tu 5 er hj\u00f3laleiga.\" \/>\n<meta property=\"og:url\" content=\"https:\/\/visitthingeyri.is\/en\/hjolaleiga\/\" \/>\n<meta property=\"og:site_name\" content=\"Visit \u00deingeyri\" \/>\n<meta property=\"article:published_time\" content=\"2023-12-06T14:49:12+00:00\" \/>\n<meta property=\"article:modified_time\" content=\"2023-12-06T14:51:59+00:00\" \/>\n<meta property=\"og:image\" content=\"https:\/\/visitthingeyri.is\/wp-content\/uploads\/2023\/12\/Hjolamynd-2-THingeyri-scaled.jpg\" \/>\n\t<meta property=\"og:image:width\" content=\"2560\" \/>\n\t<meta property=\"og:image:height\" content=\"1600\" \/>\n\t<meta property=\"og:image:type\" content=\"image\/jpeg\" \/>\n<meta name=\"author\" content=\"admin\" \/>\n<meta name=\"twitter:card\" content=\"summary_large_image\" \/>\n<meta name=\"twitter:label1\" content=\"Written by\" \/>\n\t<meta name=\"twitter:data1\" content=\"admin\" \/>\n<script type=\"application\/ld+json\" class=\"yoast-schema-graph\">{\"@context\":\"https:\/\/schema.org\",\"@graph\":[{\"@type\":\"Article\",\"@id\":\"https:\/\/visitthingeyri.is\/hjolaleiga\/#article\",\"isPartOf\":{\"@id\":\"https:\/\/visitthingeyri.is\/hjolaleiga\/\"},\"author\":{\"name\":\"admin\",\"@id\":\"https:\/\/visitthingeyri.is\/#\/schema\/person\/af88b2e92f310b851348baf1394f1436\"},\"headline\":\"Hj\u00f3laleiga\",\"datePublished\":\"2023-12-06T14:49:12+00:00\",\"dateModified\":\"2023-12-06T14:51:59+00:00\",\"mainEntityOfPage\":{\"@id\":\"https:\/\/visitthingeyri.is\/hjolaleiga\/\"},\"wordCount\":34,\"commentCount\":0,\"publisher\":{\"@id\":\"https:\/\/visitthingeyri.is\/#organization\"},\"image\":{\"@id\":\"https:\/\/visitthingeyri.is\/hjolaleiga\/#primaryimage\"},\"thumbnailUrl\":\"https:\/\/visitthingeyri.is\/wp-content\/uploads\/2023\/12\/Hjolamynd-2-THingeyri-scaled.jpg\",\"articleSection\":[\"Hj\u00f3laleiga\",\"\u00cd\u00fer\u00f3ttir\"],\"inLanguage\":\"en-US\",\"potentialAction\":[{\"@type\":\"CommentAction\",\"name\":\"Comment\",\"target\":[\"https:\/\/visitthingeyri.is\/hjolaleiga\/#respond\"]}]},{\"@type\":\"WebPage\",\"@id\":\"https:\/\/visitthingeyri.is\/hjolaleiga\/\",\"url\":\"https:\/\/visitthingeyri.is\/hjolaleiga\/\",\"name\":\"Hj\u00f3laleiga | Visit \u00deingeyri\",\"isPartOf\":{\"@id\":\"https:\/\/visitthingeyri.is\/#website\"},\"primaryImageOfPage\":{\"@id\":\"https:\/\/visitthingeyri.is\/hjolaleiga\/#primaryimage\"},\"image\":{\"@id\":\"https:\/\/visitthingeyri.is\/hjolaleiga\/#primaryimage\"},\"thumbnailUrl\":\"https:\/\/visitthingeyri.is\/wp-content\/uploads\/2023\/12\/Hjolamynd-2-THingeyri-scaled.jpg\",\"datePublished\":\"2023-12-06T14:49:12+00:00\",\"dateModified\":\"2023-12-06T14:51:59+00:00\",\"breadcrumb\":{\"@id\":\"https:\/\/visitthingeyri.is\/hjolaleiga\/#breadcrumb\"},\"inLanguage\":\"en-US\",\"potentialAction\":[{\"@type\":\"ReadAction\",\"target\":[\"https:\/\/visitthingeyri.is\/hjolaleiga\/\"]}]},{\"@type\":\"ImageObject\",\"inLanguage\":\"en-US\",\"@id\":\"https:\/\/visitthingeyri.is\/hjolaleiga\/#primaryimage\",\"url\":\"https:\/\/visitthingeyri.is\/wp-content\/uploads\/2023\/12\/Hjolamynd-2-THingeyri-scaled.jpg\",\"contentUrl\":\"https:\/\/visitthingeyri.is\/wp-content\/uploads\/2023\/12\/Hjolamynd-2-THingeyri-scaled.jpg\",\"width\":2560,\"height\":1600,\"caption\":\"Hjo\u0301lamynd-2-\u00deingeyri\"},{\"@type\":\"BreadcrumbList\",\"@id\":\"https:\/\/visitthingeyri.is\/hjolaleiga\/#breadcrumb\",\"itemListElement\":[{\"@type\":\"ListItem\",\"position\":1,\"name\":\"Home\",\"item\":\"https:\/\/visitthingeyri.is\/\"},{\"@type\":\"ListItem\",\"position\":2,\"name\":\"Hj\u00f3laleiga\"}]},{\"@type\":\"WebSite\",\"@id\":\"https:\/\/visitthingeyri.is\/#website\",\"url\":\"https:\/\/visitthingeyri.is\/\",\"name\":\"Visit \u00deingeyri\",\"description\":\"Komdu og nj\u00f3ttu \u00ed hjarta Vestfjar\u00f0a\",\"publisher\":{\"@id\":\"https:\/\/visitthingeyri.is\/#organization\"},\"potentialAction\":[{\"@type\":\"SearchAction\",\"target\":{\"@type\":\"EntryPoint\",\"urlTemplate\":\"https:\/\/visitthingeyri.is\/?s={search_term_string}\"},\"query-input\":{\"@type\":\"PropertyValueSpecification\",\"valueRequired\":true,\"valueName\":\"search_term_string\"}}],\"inLanguage\":\"en-US\"},{\"@type\":\"Organization\",\"@id\":\"https:\/\/visitthingeyri.is\/#organization\",\"name\":\"Visit \u00deingeyri\",\"url\":\"https:\/\/visitthingeyri.is\/\",\"logo\":{\"@type\":\"ImageObject\",\"inLanguage\":\"en-US\",\"@id\":\"https:\/\/visitthingeyri.is\/#\/schema\/logo\/image\/\",\"url\":\"https:\/\/visitthingeyri.is\/wp-content\/uploads\/2023\/12\/Isafjardarbaer-merki.svg\",\"contentUrl\":\"https:\/\/visitthingeyri.is\/wp-content\/uploads\/2023\/12\/Isafjardarbaer-merki.svg\",\"width\":200,\"height\":119,\"caption\":\"Visit \u00deingeyri\"},\"image\":{\"@id\":\"https:\/\/visitthingeyri.is\/#\/schema\/logo\/image\/\"}},{\"@type\":\"Person\",\"@id\":\"https:\/\/visitthingeyri.is\/#\/schema\/person\/af88b2e92f310b851348baf1394f1436\",\"name\":\"admin\",\"image\":{\"@type\":\"ImageObject\",\"inLanguage\":\"en-US\",\"@id\":\"https:\/\/visitthingeyri.is\/#\/schema\/person\/image\/\",\"url\":\"https:\/\/secure.gravatar.com\/avatar\/fa31a0aca738b043aeacbb40710eb4287791121c35f3efb0a864cbb78e88dcca?s=96&d=mm&r=g\",\"contentUrl\":\"https:\/\/secure.gravatar.com\/avatar\/fa31a0aca738b043aeacbb40710eb4287791121c35f3efb0a864cbb78e88dcca?s=96&d=mm&r=g\",\"caption\":\"admin\"},\"sameAs\":[\"https:\/\/visitthingeyri.is\"],\"url\":\"https:\/\/visitthingeyri.is\/en\/author\/hallasolveig\/\"}]}<\/script>\n<!-- \/ Yoast SEO plugin. -->","yoast_head_json":{"title":"Hj\u00f3laleiga | Visit \u00deingeyri","robots":{"index":"index","follow":"follow","max-snippet":"max-snippet:-1","max-image-preview":"max-image-preview:large","max-video-preview":"max-video-preview:-1"},"canonical":"https:\/\/visitthingeyri.is\/en\/hjolaleiga\/","og_locale":"en_US","og_type":"article","og_title":"Hj\u00f3laleiga | Visit \u00deingeyri","og_description":"\u00cd Simbah\u00f6llinni \u00e1 Fjar\u00f0arg\u00f6tu 5 er hj\u00f3laleiga.","og_url":"https:\/\/visitthingeyri.is\/en\/hjolaleiga\/","og_site_name":"Visit \u00deingeyri","article_published_time":"2023-12-06T14:49:12+00:00","article_modified_time":"2023-12-06T14:51:59+00:00","og_image":[{"width":2560,"height":1600,"url":"https:\/\/visitthingeyri.is\/wp-content\/uploads\/2023\/12\/Hjolamynd-2-THingeyri-scaled.jpg","type":"image\/jpeg"}],"author":"admin","twitter_card":"summary_large_image","twitter_misc":{"Written by":"admin"},"schema":{"@context":"https:\/\/schema.org","@graph":[{"@type":"Article","@id":"https:\/\/visitthingeyri.is\/hjolaleiga\/#article","isPartOf":{"@id":"https:\/\/visitthingeyri.is\/hjolaleiga\/"},"author":{"name":"admin","@id":"https:\/\/visitthingeyri.is\/#\/schema\/person\/af88b2e92f310b851348baf1394f1436"},"headline":"Hj\u00f3laleiga","datePublished":"2023-12-06T14:49:12+00:00","dateModified":"2023-12-06T14:51:59+00:00","mainEntityOfPage":{"@id":"https:\/\/visitthingeyri.is\/hjolaleiga\/"},"wordCount":34,"commentCount":0,"publisher":{"@id":"https:\/\/visitthingeyri.is\/#organization"},"image":{"@id":"https:\/\/visitthingeyri.is\/hjolaleiga\/#primaryimage"},"thumbnailUrl":"https:\/\/visitthingeyri.is\/wp-content\/uploads\/2023\/12\/Hjolamynd-2-THingeyri-scaled.jpg","articleSection":["Hj\u00f3laleiga","\u00cd\u00fer\u00f3ttir"],"inLanguage":"en-US","potentialAction":[{"@type":"CommentAction","name":"Comment","target":["https:\/\/visitthingeyri.is\/hjolaleiga\/#respond"]}]},{"@type":"WebPage","@id":"https:\/\/visitthingeyri.is\/hjolaleiga\/","url":"https:\/\/visitthingeyri.is\/hjolaleiga\/","name":"Hj\u00f3laleiga | Visit \u00deingeyri","isPartOf":{"@id":"https:\/\/visitthingeyri.is\/#website"},"primaryImageOfPage":{"@id":"https:\/\/visitthingeyri.is\/hjolaleiga\/#primaryimage"},"image":{"@id":"https:\/\/visitthingeyri.is\/hjolaleiga\/#primaryimage"},"thumbnailUrl":"https:\/\/visitthingeyri.is\/wp-content\/uploads\/2023\/12\/Hjolamynd-2-THingeyri-scaled.jpg","datePublished":"2023-12-06T14:49:12+00:00","dateModified":"2023-12-06T14:51:59+00:00","breadcrumb":{"@id":"https:\/\/visitthingeyri.is\/hjolaleiga\/#breadcrumb"},"inLanguage":"en-US","potentialAction":[{"@type":"ReadAction","target":["https:\/\/visitthingeyri.is\/hjolaleiga\/"]}]},{"@type":"ImageObject","inLanguage":"en-US","@id":"https:\/\/visitthingeyri.is\/hjolaleiga\/#primaryimage","url":"https:\/\/visitthingeyri.is\/wp-content\/uploads\/2023\/12\/Hjolamynd-2-THingeyri-scaled.jpg","contentUrl":"https:\/\/visitthingeyri.is\/wp-content\/uploads\/2023\/12\/Hjolamynd-2-THingeyri-scaled.jpg","width":2560,"height":1600,"caption":"Hjo\u0301lamynd-2-\u00deingeyri"},{"@type":"BreadcrumbList","@id":"https:\/\/visitthingeyri.is\/hjolaleiga\/#breadcrumb","itemListElement":[{"@type":"ListItem","position":1,"name":"Home","item":"https:\/\/visitthingeyri.is\/"},{"@type":"ListItem","position":2,"name":"Hj\u00f3laleiga"}]},{"@type":"WebSite","@id":"https:\/\/visitthingeyri.is\/#website","url":"https:\/\/visitthingeyri.is\/","name":"Visit \u00deingeyri","description":"Komdu og nj\u00f3ttu \u00ed hjarta Vestfjar\u00f0a","publisher":{"@id":"https:\/\/visitthingeyri.is\/#organization"},"potentialAction":[{"@type":"SearchAction","target":{"@type":"EntryPoint","urlTemplate":"https:\/\/visitthingeyri.is\/?s={search_term_string}"},"query-input":{"@type":"PropertyValueSpecification","valueRequired":true,"valueName":"search_term_string"}}],"inLanguage":"en-US"},{"@type":"Organization","@id":"https:\/\/visitthingeyri.is\/#organization","name":"Visit \u00deingeyri","url":"https:\/\/visitthingeyri.is\/","logo":{"@type":"ImageObject","inLanguage":"en-US","@id":"https:\/\/visitthingeyri.is\/#\/schema\/logo\/image\/","url":"https:\/\/visitthingeyri.is\/wp-content\/uploads\/2023\/12\/Isafjardarbaer-merki.svg","contentUrl":"https:\/\/visitthingeyri.is\/wp-content\/uploads\/2023\/12\/Isafjardarbaer-merki.svg","width":200,"height":119,"caption":"Visit \u00deingeyri"},"image":{"@id":"https:\/\/visitthingeyri.is\/#\/schema\/logo\/image\/"}},{"@type":"Person","@id":"https:\/\/visitthingeyri.is\/#\/schema\/person\/af88b2e92f310b851348baf1394f1436","name":"admin","image":{"@type":"ImageObject","inLanguage":"en-US","@id":"https:\/\/visitthingeyri.is\/#\/schema\/person\/image\/","url":"https:\/\/secure.gravatar.com\/avatar\/fa31a0aca738b043aeacbb40710eb4287791121c35f3efb0a864cbb78e88dcca?s=96&d=mm&r=g","contentUrl":"https:\/\/secure.gravatar.com\/avatar\/fa31a0aca738b043aeacbb40710eb4287791121c35f3efb0a864cbb78e88dcca?s=96&d=mm&r=g","caption":"admin"},"sameAs":["https:\/\/visitthingeyri.is"],"url":"https:\/\/visitthingeyri.is\/en\/author\/hallasolveig\/"}]}},"_links":{"self":[{"href":"https:\/\/visitthingeyri.is\/en\/wp-json\/wp\/v2\/posts\/619","targetHints":{"allow":["GET"]}}],"collection":[{"href":"https:\/\/visitthingeyri.is\/en\/wp-json\/wp\/v2\/posts"}],"about":[{"href":"https:\/\/visitthingeyri.is\/en\/wp-json\/wp\/v2\/types\/post"}],"author":[{"embeddable":true,"href":"https:\/\/visitthingeyri.is\/en\/wp-json\/wp\/v2\/users\/1"}],"replies":[{"embeddable":true,"href":"https:\/\/visitthingeyri.is\/en\/wp-json\/wp\/v2\/comments?post=619"}],"version-history":[{"count":1,"href":"https:\/\/visitthingeyri.is\/en\/wp-json\/wp\/v2\/posts\/619\/revisions"}],"predecessor-version":[{"id":623,"href":"https:\/\/visitthingeyri.is\/en\/wp-json\/wp\/v2\/posts\/619\/revisions\/623"}],"wp:featuredmedia":[{"embeddable":true,"href":"https:\/\/visitthingeyri.is\/en\/wp-json\/wp\/v2\/media\/625"}],"wp:attachment":[{"href":"https:\/\/visitthingeyri.is\/en\/wp-json\/wp\/v2\/media?parent=619"}],"wp:term":[{"taxonomy":"category","embeddable":true,"href":"https:\/\/visitthingeyri.is\/en\/wp-json\/wp\/v2\/categories?post=619"},{"taxonomy":"post_tag","embeddable":true,"href":"https:\/\/visitthingeyri.is\/en\/wp-json\/wp\/v2\/tags?post=619"}],"curies":[{"name":"wp","href":"https:\/\/api.w.org\/{rel}","templated":true}]}}