{"id":901,"date":"2024-01-03T12:36:55","date_gmt":"2024-01-03T12:36:55","guid":{"rendered":"https:\/\/visitthingeyri.is\/?p=901"},"modified":"2024-01-03T13:17:23","modified_gmt":"2024-01-03T13:17:23","slug":"gonguskidi-i-kirkjubolsdal","status":"publish","type":"post","link":"https:\/\/visitthingeyri.is\/en\/gonguskidi-i-kirkjubolsdal\/","title":{"rendered":"G\u00f6ngusk\u00ed\u00f0i \u00ed Kirkjub\u00f3lsdal"},"content":{"rendered":"<p>12 km\u00a0\u00a0\u00a0\u00a0\u00a0\u00a0\u00a0\u00a0\u00a0 100 m h\u00e6kkun\u00a0\u00a0\u00a0\u00a0\u00a0\u00a0\u00a0\u00a0\u00a0\u00a0\u00a0\u00a0<\/p>\n\n\n\n<p>Lei\u00f0in fylgir merktri g\u00f6ngulei\u00f0\/sl\u00f3\u00f0a sem hefst austan vi\u00f0 b\u00e6inn Kirkjub\u00f3l, en ef mikill snj\u00f3r er \u00e1 sv\u00e6\u00f0inu \u00fearf a\u00f0 reikna me\u00f0 a\u00f0 sl\u00f3\u00f0inn sj\u00e1ist ekki. <\/p>\n\n\n\n<p>Lei\u00f0in liggur fram Kirkjub\u00f3lsdalinn me\u00f0 tignarleg fj\u00f6ll eins og hornin fj\u00f6gur \u00e1 vinstri h\u00f6nd. H\u00e1degishorn, Brei\u00f0horn, G\u00f6ngudalshorn og Grj\u00f3tsk\u00e1larhorn. Fari\u00f0 er um frekar sl\u00e9tt sv\u00e6\u00f0i me\u00f0 afl\u00ed\u00f0andi brekkum. \u00de\u00e1 \u00fearf nokkrum sinnum a\u00f0 fara yfir \u00e1na sem lei\u00f0in liggur a\u00f0 hluta til me\u00f0 fram, en h\u00fan er b\u00e6\u00f0i grunn og strauml\u00e9tt.<\/p>\n\n\n\n<p>\u00deegar komi\u00f0 er framarlega \u00ed dalinn taka vi\u00f0 brattar brekkur sem henta illa fyrir g\u00f6ngusk\u00ed\u00f0i og \u00fear er sn\u00fai\u00f0 vi\u00f0 og sama lei\u00f0 gengin til baka.<\/p>\n\n\n\n<p>Fyrir vana fjallagarpa m\u00e1 benda \u00e1 a\u00f0 \u00feetta er einnig lei\u00f0in \u00e1 Kaldbak, h\u00e6sta fjall Vestfjar\u00f0a. <\/p>","protected":false},"excerpt":{"rendered":"<p>Lei\u00f0in fylgir merktri g\u00f6ngulei\u00f0\/sl\u00f3\u00f0a sem hefst austan vi\u00f0 b\u00e6inn Kirkjub\u00f3l,<\/p>","protected":false},"author":2,"featured_media":902,"comment_status":"open","ping_status":"open","sticky":false,"template":"","format":"standard","meta":{"footnotes":""},"categories":[11,28,10],"tags":[],"class_list":["post-901","post","type-post","status-publish","format-standard","has-post-thumbnail","hentry","category-ithrottir","category-skidi","category-utivist"],"yoast_head":"<!-- This site is optimized with the Yoast SEO plugin v25.1 - https:\/\/yoast.com\/wordpress\/plugins\/seo\/ -->\n<title>G\u00f6ngusk\u00ed\u00f0i \u00ed Kirkjub\u00f3lsdal | Visit \u00deingeyri<\/title>\n<meta name=\"robots\" content=\"index, follow, max-snippet:-1, max-image-preview:large, max-video-preview:-1\" \/>\n<link rel=\"canonical\" href=\"https:\/\/visitthingeyri.is\/en\/gonguskidi-i-kirkjubolsdal\/\" \/>\n<meta property=\"og:locale\" content=\"en_US\" \/>\n<meta property=\"og:type\" content=\"article\" \/>\n<meta property=\"og:title\" content=\"G\u00f6ngusk\u00ed\u00f0i \u00ed Kirkjub\u00f3lsdal | Visit \u00deingeyri\" \/>\n<meta property=\"og:description\" content=\"Lei\u00f0in fylgir merktri g\u00f6ngulei\u00f0\/sl\u00f3\u00f0a sem hefst austan vi\u00f0 b\u00e6inn Kirkjub\u00f3l,\" \/>\n<meta property=\"og:url\" content=\"https:\/\/visitthingeyri.is\/en\/gonguskidi-i-kirkjubolsdal\/\" \/>\n<meta property=\"og:site_name\" content=\"Visit \u00deingeyri\" \/>\n<meta property=\"article:published_time\" content=\"2024-01-03T12:36:55+00:00\" \/>\n<meta property=\"article:modified_time\" content=\"2024-01-03T13:17:23+00:00\" \/>\n<meta property=\"og:image\" content=\"https:\/\/visitthingeyri.is\/wp-content\/uploads\/2024\/01\/kirkjubolsfjall.jpg\" \/>\n\t<meta property=\"og:image:width\" content=\"1000\" \/>\n\t<meta property=\"og:image:height\" content=\"562\" \/>\n\t<meta property=\"og:image:type\" content=\"image\/jpeg\" \/>\n<meta name=\"author\" content=\"Gu\u00f0r\u00fan D. Gu\u00f0mundsd\u00f3ttir\" \/>\n<meta name=\"twitter:card\" content=\"summary_large_image\" \/>\n<meta name=\"twitter:label1\" content=\"Written by\" \/>\n\t<meta name=\"twitter:data1\" content=\"Gu\u00f0r\u00fan D. Gu\u00f0mundsd\u00f3ttir\" \/>\n\t<meta name=\"twitter:label2\" content=\"Est. reading time\" \/>\n\t<meta name=\"twitter:data2\" content=\"1 minute\" \/>\n<script type=\"application\/ld+json\" class=\"yoast-schema-graph\">{\"@context\":\"https:\/\/schema.org\",\"@graph\":[{\"@type\":\"Article\",\"@id\":\"https:\/\/visitthingeyri.is\/gonguskidi-i-kirkjubolsdal\/#article\",\"isPartOf\":{\"@id\":\"https:\/\/visitthingeyri.is\/gonguskidi-i-kirkjubolsdal\/\"},\"author\":{\"name\":\"Gu\u00f0r\u00fan D. Gu\u00f0mundsd\u00f3ttir\",\"@id\":\"https:\/\/visitthingeyri.is\/#\/schema\/person\/f1c9a2ae13378eae4b11b618559f06c0\"},\"headline\":\"G\u00f6ngusk\u00ed\u00f0i \u00ed Kirkjub\u00f3lsdal\",\"datePublished\":\"2024-01-03T12:36:55+00:00\",\"dateModified\":\"2024-01-03T13:17:23+00:00\",\"mainEntityOfPage\":{\"@id\":\"https:\/\/visitthingeyri.is\/gonguskidi-i-kirkjubolsdal\/\"},\"wordCount\":154,\"commentCount\":0,\"publisher\":{\"@id\":\"https:\/\/visitthingeyri.is\/#organization\"},\"image\":{\"@id\":\"https:\/\/visitthingeyri.is\/gonguskidi-i-kirkjubolsdal\/#primaryimage\"},\"thumbnailUrl\":\"https:\/\/visitthingeyri.is\/wp-content\/uploads\/2024\/01\/kirkjubolsfjall.jpg\",\"articleSection\":[\"\u00cd\u00fer\u00f3ttir\",\"Sk\u00ed\u00f0i\",\"\u00dativist\"],\"inLanguage\":\"en-US\",\"potentialAction\":[{\"@type\":\"CommentAction\",\"name\":\"Comment\",\"target\":[\"https:\/\/visitthingeyri.is\/gonguskidi-i-kirkjubolsdal\/#respond\"]}]},{\"@type\":\"WebPage\",\"@id\":\"https:\/\/visitthingeyri.is\/gonguskidi-i-kirkjubolsdal\/\",\"url\":\"https:\/\/visitthingeyri.is\/gonguskidi-i-kirkjubolsdal\/\",\"name\":\"G\u00f6ngusk\u00ed\u00f0i \u00ed Kirkjub\u00f3lsdal | Visit \u00deingeyri\",\"isPartOf\":{\"@id\":\"https:\/\/visitthingeyri.is\/#website\"},\"primaryImageOfPage\":{\"@id\":\"https:\/\/visitthingeyri.is\/gonguskidi-i-kirkjubolsdal\/#primaryimage\"},\"image\":{\"@id\":\"https:\/\/visitthingeyri.is\/gonguskidi-i-kirkjubolsdal\/#primaryimage\"},\"thumbnailUrl\":\"https:\/\/visitthingeyri.is\/wp-content\/uploads\/2024\/01\/kirkjubolsfjall.jpg\",\"datePublished\":\"2024-01-03T12:36:55+00:00\",\"dateModified\":\"2024-01-03T13:17:23+00:00\",\"breadcrumb\":{\"@id\":\"https:\/\/visitthingeyri.is\/gonguskidi-i-kirkjubolsdal\/#breadcrumb\"},\"inLanguage\":\"en-US\",\"potentialAction\":[{\"@type\":\"ReadAction\",\"target\":[\"https:\/\/visitthingeyri.is\/gonguskidi-i-kirkjubolsdal\/\"]}]},{\"@type\":\"ImageObject\",\"inLanguage\":\"en-US\",\"@id\":\"https:\/\/visitthingeyri.is\/gonguskidi-i-kirkjubolsdal\/#primaryimage\",\"url\":\"https:\/\/visitthingeyri.is\/wp-content\/uploads\/2024\/01\/kirkjubolsfjall.jpg\",\"contentUrl\":\"https:\/\/visitthingeyri.is\/wp-content\/uploads\/2024\/01\/kirkjubolsfjall.jpg\",\"width\":1000,\"height\":562,\"caption\":\"Kirkjub\u00f3lsfjall\"},{\"@type\":\"BreadcrumbList\",\"@id\":\"https:\/\/visitthingeyri.is\/gonguskidi-i-kirkjubolsdal\/#breadcrumb\",\"itemListElement\":[{\"@type\":\"ListItem\",\"position\":1,\"name\":\"Home\",\"item\":\"https:\/\/visitthingeyri.is\/\"},{\"@type\":\"ListItem\",\"position\":2,\"name\":\"G\u00f6ngusk\u00ed\u00f0i \u00ed Kirkjub\u00f3lsdal\"}]},{\"@type\":\"WebSite\",\"@id\":\"https:\/\/visitthingeyri.is\/#website\",\"url\":\"https:\/\/visitthingeyri.is\/\",\"name\":\"Visit \u00deingeyri\",\"description\":\"Komdu og nj\u00f3ttu \u00ed hjarta Vestfjar\u00f0a\",\"publisher\":{\"@id\":\"https:\/\/visitthingeyri.is\/#organization\"},\"potentialAction\":[{\"@type\":\"SearchAction\",\"target\":{\"@type\":\"EntryPoint\",\"urlTemplate\":\"https:\/\/visitthingeyri.is\/?s={search_term_string}\"},\"query-input\":{\"@type\":\"PropertyValueSpecification\",\"valueRequired\":true,\"valueName\":\"search_term_string\"}}],\"inLanguage\":\"en-US\"},{\"@type\":\"Organization\",\"@id\":\"https:\/\/visitthingeyri.is\/#organization\",\"name\":\"Visit \u00deingeyri\",\"url\":\"https:\/\/visitthingeyri.is\/\",\"logo\":{\"@type\":\"ImageObject\",\"inLanguage\":\"en-US\",\"@id\":\"https:\/\/visitthingeyri.is\/#\/schema\/logo\/image\/\",\"url\":\"https:\/\/visitthingeyri.is\/wp-content\/uploads\/2023\/12\/Isafjardarbaer-merki.svg\",\"contentUrl\":\"https:\/\/visitthingeyri.is\/wp-content\/uploads\/2023\/12\/Isafjardarbaer-merki.svg\",\"width\":200,\"height\":119,\"caption\":\"Visit \u00deingeyri\"},\"image\":{\"@id\":\"https:\/\/visitthingeyri.is\/#\/schema\/logo\/image\/\"}},{\"@type\":\"Person\",\"@id\":\"https:\/\/visitthingeyri.is\/#\/schema\/person\/f1c9a2ae13378eae4b11b618559f06c0\",\"name\":\"Gu\u00f0r\u00fan D. Gu\u00f0mundsd\u00f3ttir\",\"image\":{\"@type\":\"ImageObject\",\"inLanguage\":\"en-US\",\"@id\":\"https:\/\/visitthingeyri.is\/#\/schema\/person\/image\/\",\"url\":\"https:\/\/secure.gravatar.com\/avatar\/a3563c91eab53bf19c746c599c59ca084483682e24e7560b5b81dea33a334a28?s=96&d=mm&r=g\",\"contentUrl\":\"https:\/\/secure.gravatar.com\/avatar\/a3563c91eab53bf19c746c599c59ca084483682e24e7560b5b81dea33a334a28?s=96&d=mm&r=g\",\"caption\":\"Gu\u00f0r\u00fan D. Gu\u00f0mundsd\u00f3ttir\"},\"url\":\"https:\/\/visitthingeyri.is\/en\/author\/gunna\/\"}]}<\/script>\n<!-- \/ Yoast SEO plugin. -->","yoast_head_json":{"title":"G\u00f6ngusk\u00ed\u00f0i \u00ed Kirkjub\u00f3lsdal | Visit \u00deingeyri","robots":{"index":"index","follow":"follow","max-snippet":"max-snippet:-1","max-image-preview":"max-image-preview:large","max-video-preview":"max-video-preview:-1"},"canonical":"https:\/\/visitthingeyri.is\/en\/gonguskidi-i-kirkjubolsdal\/","og_locale":"en_US","og_type":"article","og_title":"G\u00f6ngusk\u00ed\u00f0i \u00ed Kirkjub\u00f3lsdal | Visit \u00deingeyri","og_description":"Lei\u00f0in fylgir merktri g\u00f6ngulei\u00f0\/sl\u00f3\u00f0a sem hefst austan vi\u00f0 b\u00e6inn Kirkjub\u00f3l,","og_url":"https:\/\/visitthingeyri.is\/en\/gonguskidi-i-kirkjubolsdal\/","og_site_name":"Visit \u00deingeyri","article_published_time":"2024-01-03T12:36:55+00:00","article_modified_time":"2024-01-03T13:17:23+00:00","og_image":[{"width":1000,"height":562,"url":"https:\/\/visitthingeyri.is\/wp-content\/uploads\/2024\/01\/kirkjubolsfjall.jpg","type":"image\/jpeg"}],"author":"Gu\u00f0r\u00fan D. Gu\u00f0mundsd\u00f3ttir","twitter_card":"summary_large_image","twitter_misc":{"Written by":"Gu\u00f0r\u00fan D. Gu\u00f0mundsd\u00f3ttir","Est. reading time":"1 minute"},"schema":{"@context":"https:\/\/schema.org","@graph":[{"@type":"Article","@id":"https:\/\/visitthingeyri.is\/gonguskidi-i-kirkjubolsdal\/#article","isPartOf":{"@id":"https:\/\/visitthingeyri.is\/gonguskidi-i-kirkjubolsdal\/"},"author":{"name":"Gu\u00f0r\u00fan D. Gu\u00f0mundsd\u00f3ttir","@id":"https:\/\/visitthingeyri.is\/#\/schema\/person\/f1c9a2ae13378eae4b11b618559f06c0"},"headline":"G\u00f6ngusk\u00ed\u00f0i \u00ed Kirkjub\u00f3lsdal","datePublished":"2024-01-03T12:36:55+00:00","dateModified":"2024-01-03T13:17:23+00:00","mainEntityOfPage":{"@id":"https:\/\/visitthingeyri.is\/gonguskidi-i-kirkjubolsdal\/"},"wordCount":154,"commentCount":0,"publisher":{"@id":"https:\/\/visitthingeyri.is\/#organization"},"image":{"@id":"https:\/\/visitthingeyri.is\/gonguskidi-i-kirkjubolsdal\/#primaryimage"},"thumbnailUrl":"https:\/\/visitthingeyri.is\/wp-content\/uploads\/2024\/01\/kirkjubolsfjall.jpg","articleSection":["\u00cd\u00fer\u00f3ttir","Sk\u00ed\u00f0i","\u00dativist"],"inLanguage":"en-US","potentialAction":[{"@type":"CommentAction","name":"Comment","target":["https:\/\/visitthingeyri.is\/gonguskidi-i-kirkjubolsdal\/#respond"]}]},{"@type":"WebPage","@id":"https:\/\/visitthingeyri.is\/gonguskidi-i-kirkjubolsdal\/","url":"https:\/\/visitthingeyri.is\/gonguskidi-i-kirkjubolsdal\/","name":"G\u00f6ngusk\u00ed\u00f0i \u00ed Kirkjub\u00f3lsdal | Visit \u00deingeyri","isPartOf":{"@id":"https:\/\/visitthingeyri.is\/#website"},"primaryImageOfPage":{"@id":"https:\/\/visitthingeyri.is\/gonguskidi-i-kirkjubolsdal\/#primaryimage"},"image":{"@id":"https:\/\/visitthingeyri.is\/gonguskidi-i-kirkjubolsdal\/#primaryimage"},"thumbnailUrl":"https:\/\/visitthingeyri.is\/wp-content\/uploads\/2024\/01\/kirkjubolsfjall.jpg","datePublished":"2024-01-03T12:36:55+00:00","dateModified":"2024-01-03T13:17:23+00:00","breadcrumb":{"@id":"https:\/\/visitthingeyri.is\/gonguskidi-i-kirkjubolsdal\/#breadcrumb"},"inLanguage":"en-US","potentialAction":[{"@type":"ReadAction","target":["https:\/\/visitthingeyri.is\/gonguskidi-i-kirkjubolsdal\/"]}]},{"@type":"ImageObject","inLanguage":"en-US","@id":"https:\/\/visitthingeyri.is\/gonguskidi-i-kirkjubolsdal\/#primaryimage","url":"https:\/\/visitthingeyri.is\/wp-content\/uploads\/2024\/01\/kirkjubolsfjall.jpg","contentUrl":"https:\/\/visitthingeyri.is\/wp-content\/uploads\/2024\/01\/kirkjubolsfjall.jpg","width":1000,"height":562,"caption":"Kirkjub\u00f3lsfjall"},{"@type":"BreadcrumbList","@id":"https:\/\/visitthingeyri.is\/gonguskidi-i-kirkjubolsdal\/#breadcrumb","itemListElement":[{"@type":"ListItem","position":1,"name":"Home","item":"https:\/\/visitthingeyri.is\/"},{"@type":"ListItem","position":2,"name":"G\u00f6ngusk\u00ed\u00f0i \u00ed Kirkjub\u00f3lsdal"}]},{"@type":"WebSite","@id":"https:\/\/visitthingeyri.is\/#website","url":"https:\/\/visitthingeyri.is\/","name":"Visit \u00deingeyri","description":"Komdu og nj\u00f3ttu \u00ed hjarta Vestfjar\u00f0a","publisher":{"@id":"https:\/\/visitthingeyri.is\/#organization"},"potentialAction":[{"@type":"SearchAction","target":{"@type":"EntryPoint","urlTemplate":"https:\/\/visitthingeyri.is\/?s={search_term_string}"},"query-input":{"@type":"PropertyValueSpecification","valueRequired":true,"valueName":"search_term_string"}}],"inLanguage":"en-US"},{"@type":"Organization","@id":"https:\/\/visitthingeyri.is\/#organization","name":"Visit \u00deingeyri","url":"https:\/\/visitthingeyri.is\/","logo":{"@type":"ImageObject","inLanguage":"en-US","@id":"https:\/\/visitthingeyri.is\/#\/schema\/logo\/image\/","url":"https:\/\/visitthingeyri.is\/wp-content\/uploads\/2023\/12\/Isafjardarbaer-merki.svg","contentUrl":"https:\/\/visitthingeyri.is\/wp-content\/uploads\/2023\/12\/Isafjardarbaer-merki.svg","width":200,"height":119,"caption":"Visit \u00deingeyri"},"image":{"@id":"https:\/\/visitthingeyri.is\/#\/schema\/logo\/image\/"}},{"@type":"Person","@id":"https:\/\/visitthingeyri.is\/#\/schema\/person\/f1c9a2ae13378eae4b11b618559f06c0","name":"Gu\u00f0r\u00fan D. Gu\u00f0mundsd\u00f3ttir","image":{"@type":"ImageObject","inLanguage":"en-US","@id":"https:\/\/visitthingeyri.is\/#\/schema\/person\/image\/","url":"https:\/\/secure.gravatar.com\/avatar\/a3563c91eab53bf19c746c599c59ca084483682e24e7560b5b81dea33a334a28?s=96&d=mm&r=g","contentUrl":"https:\/\/secure.gravatar.com\/avatar\/a3563c91eab53bf19c746c599c59ca084483682e24e7560b5b81dea33a334a28?s=96&d=mm&r=g","caption":"Gu\u00f0r\u00fan D. Gu\u00f0mundsd\u00f3ttir"},"url":"https:\/\/visitthingeyri.is\/en\/author\/gunna\/"}]}},"_links":{"self":[{"href":"https:\/\/visitthingeyri.is\/en\/wp-json\/wp\/v2\/posts\/901","targetHints":{"allow":["GET"]}}],"collection":[{"href":"https:\/\/visitthingeyri.is\/en\/wp-json\/wp\/v2\/posts"}],"about":[{"href":"https:\/\/visitthingeyri.is\/en\/wp-json\/wp\/v2\/types\/post"}],"author":[{"embeddable":true,"href":"https:\/\/visitthingeyri.is\/en\/wp-json\/wp\/v2\/users\/2"}],"replies":[{"embeddable":true,"href":"https:\/\/visitthingeyri.is\/en\/wp-json\/wp\/v2\/comments?post=901"}],"version-history":[{"count":2,"href":"https:\/\/visitthingeyri.is\/en\/wp-json\/wp\/v2\/posts\/901\/revisions"}],"predecessor-version":[{"id":920,"href":"https:\/\/visitthingeyri.is\/en\/wp-json\/wp\/v2\/posts\/901\/revisions\/920"}],"wp:featuredmedia":[{"embeddable":true,"href":"https:\/\/visitthingeyri.is\/en\/wp-json\/wp\/v2\/media\/902"}],"wp:attachment":[{"href":"https:\/\/visitthingeyri.is\/en\/wp-json\/wp\/v2\/media?parent=901"}],"wp:term":[{"taxonomy":"category","embeddable":true,"href":"https:\/\/visitthingeyri.is\/en\/wp-json\/wp\/v2\/categories?post=901"},{"taxonomy":"post_tag","embeddable":true,"href":"https:\/\/visitthingeyri.is\/en\/wp-json\/wp\/v2\/tags?post=901"}],"curies":[{"name":"wp","href":"https:\/\/api.w.org\/{rel}","templated":true}]}}