{"id":921,"date":"2024-01-03T13:53:28","date_gmt":"2024-01-03T13:53:28","guid":{"rendered":"https:\/\/visitthingeyri.is\/?p=921"},"modified":"2024-01-04T16:30:49","modified_gmt":"2024-01-04T16:30:49","slug":"sjosund-a-thingeyri","status":"publish","type":"post","link":"https:\/\/visitthingeyri.is\/en\/sjosund-a-thingeyri\/","title":{"rendered":"Sj\u00f3sund \u00e1 \u00deingeyri"},"content":{"rendered":"<p>Sj\u00f3sundskl\u00fabburinn Selirnir fer reglulega \u00ed sj\u00f3sund \u00ed fj\u00f6runni vi\u00f0 tjaldst\u00e6\u00f0i\u00f0. <\/p>\n\n\n\n<p>H\u00f3purinn hittist \u00ed sundlauginni en \u00fear m\u00e1 f\u00e1 l\u00e1na\u00f0a sk\u00f3 og hanska. Eftir sundi\u00f0 er ylur fenginn \u00ed kroppinn me\u00f0 kaffisopa \u00ed heita pottinum \u00ed lauginni. <\/p>\n\n\n\n<p>Best er a\u00f0 hafa samband vi\u00f0 h\u00f3pinn \u00ed gegnum <a href=\"https:\/\/www.facebook.com\/groups\/1031387457318306\/\">https:\/\/www.facebook.com\/groups\/1031387457318306\/<\/a><\/p>","protected":false},"excerpt":{"rendered":"<p>Sj\u00f3sundskl\u00fabburinn Selirnir fer reglulega \u00ed sj\u00f3sund \u00ed fj\u00f6runni vi\u00f0 tjaldst\u00e6\u00f0i\u00f0. <\/p>","protected":false},"author":2,"featured_media":924,"comment_status":"open","ping_status":"open","sticky":false,"template":"","format":"standard","meta":{"footnotes":""},"categories":[11,24],"tags":[],"class_list":["post-921","post","type-post","status-publish","format-standard","has-post-thumbnail","hentry","category-ithrottir","category-sund"],"yoast_head":"<!-- This site is optimized with the Yoast SEO plugin v25.1 - https:\/\/yoast.com\/wordpress\/plugins\/seo\/ -->\n<title>Sj\u00f3sund \u00e1 \u00deingeyri | Visit \u00deingeyri<\/title>\n<meta name=\"robots\" content=\"index, follow, max-snippet:-1, max-image-preview:large, max-video-preview:-1\" \/>\n<link rel=\"canonical\" href=\"https:\/\/visitthingeyri.is\/en\/sjosund-a-thingeyri\/\" \/>\n<meta property=\"og:locale\" content=\"en_US\" \/>\n<meta property=\"og:type\" content=\"article\" \/>\n<meta property=\"og:title\" content=\"Sj\u00f3sund \u00e1 \u00deingeyri | Visit \u00deingeyri\" \/>\n<meta property=\"og:description\" content=\"Sj\u00f3sundskl\u00fabburinn Selirnir fer reglulega \u00ed sj\u00f3sund \u00ed fj\u00f6runni vi\u00f0 tjaldst\u00e6\u00f0i\u00f0.\" \/>\n<meta property=\"og:url\" content=\"https:\/\/visitthingeyri.is\/en\/sjosund-a-thingeyri\/\" \/>\n<meta property=\"og:site_name\" content=\"Visit \u00deingeyri\" \/>\n<meta property=\"article:published_time\" content=\"2024-01-03T13:53:28+00:00\" \/>\n<meta property=\"article:modified_time\" content=\"2024-01-04T16:30:49+00:00\" \/>\n<meta property=\"og:image\" content=\"https:\/\/visitthingeyri.is\/wp-content\/uploads\/2024\/01\/sjosund.jpg\" \/>\n\t<meta property=\"og:image:width\" content=\"1200\" \/>\n\t<meta property=\"og:image:height\" content=\"600\" \/>\n\t<meta property=\"og:image:type\" content=\"image\/jpeg\" \/>\n<meta name=\"author\" content=\"Gu\u00f0r\u00fan D. Gu\u00f0mundsd\u00f3ttir\" \/>\n<meta name=\"twitter:card\" content=\"summary_large_image\" \/>\n<meta name=\"twitter:label1\" content=\"Written by\" \/>\n\t<meta name=\"twitter:data1\" content=\"Gu\u00f0r\u00fan D. Gu\u00f0mundsd\u00f3ttir\" \/>\n\t<meta name=\"twitter:label2\" content=\"Est. reading time\" \/>\n\t<meta name=\"twitter:data2\" content=\"1 minute\" \/>\n<script type=\"application\/ld+json\" class=\"yoast-schema-graph\">{\"@context\":\"https:\/\/schema.org\",\"@graph\":[{\"@type\":\"Article\",\"@id\":\"https:\/\/visitthingeyri.is\/sjosund-a-thingeyri\/#article\",\"isPartOf\":{\"@id\":\"https:\/\/visitthingeyri.is\/sjosund-a-thingeyri\/\"},\"author\":{\"name\":\"Gu\u00f0r\u00fan D. Gu\u00f0mundsd\u00f3ttir\",\"@id\":\"https:\/\/visitthingeyri.is\/#\/schema\/person\/f1c9a2ae13378eae4b11b618559f06c0\"},\"headline\":\"Sj\u00f3sund \u00e1 \u00deingeyri\",\"datePublished\":\"2024-01-03T13:53:28+00:00\",\"dateModified\":\"2024-01-04T16:30:49+00:00\",\"mainEntityOfPage\":{\"@id\":\"https:\/\/visitthingeyri.is\/sjosund-a-thingeyri\/\"},\"wordCount\":55,\"commentCount\":0,\"publisher\":{\"@id\":\"https:\/\/visitthingeyri.is\/#organization\"},\"image\":{\"@id\":\"https:\/\/visitthingeyri.is\/sjosund-a-thingeyri\/#primaryimage\"},\"thumbnailUrl\":\"https:\/\/visitthingeyri.is\/wp-content\/uploads\/2024\/01\/sjosund.jpg\",\"articleSection\":[\"\u00cd\u00fer\u00f3ttir\",\"Sund\"],\"inLanguage\":\"en-US\",\"potentialAction\":[{\"@type\":\"CommentAction\",\"name\":\"Comment\",\"target\":[\"https:\/\/visitthingeyri.is\/sjosund-a-thingeyri\/#respond\"]}]},{\"@type\":\"WebPage\",\"@id\":\"https:\/\/visitthingeyri.is\/sjosund-a-thingeyri\/\",\"url\":\"https:\/\/visitthingeyri.is\/sjosund-a-thingeyri\/\",\"name\":\"Sj\u00f3sund \u00e1 \u00deingeyri | Visit \u00deingeyri\",\"isPartOf\":{\"@id\":\"https:\/\/visitthingeyri.is\/#website\"},\"primaryImageOfPage\":{\"@id\":\"https:\/\/visitthingeyri.is\/sjosund-a-thingeyri\/#primaryimage\"},\"image\":{\"@id\":\"https:\/\/visitthingeyri.is\/sjosund-a-thingeyri\/#primaryimage\"},\"thumbnailUrl\":\"https:\/\/visitthingeyri.is\/wp-content\/uploads\/2024\/01\/sjosund.jpg\",\"datePublished\":\"2024-01-03T13:53:28+00:00\",\"dateModified\":\"2024-01-04T16:30:49+00:00\",\"breadcrumb\":{\"@id\":\"https:\/\/visitthingeyri.is\/sjosund-a-thingeyri\/#breadcrumb\"},\"inLanguage\":\"en-US\",\"potentialAction\":[{\"@type\":\"ReadAction\",\"target\":[\"https:\/\/visitthingeyri.is\/sjosund-a-thingeyri\/\"]}]},{\"@type\":\"ImageObject\",\"inLanguage\":\"en-US\",\"@id\":\"https:\/\/visitthingeyri.is\/sjosund-a-thingeyri\/#primaryimage\",\"url\":\"https:\/\/visitthingeyri.is\/wp-content\/uploads\/2024\/01\/sjosund.jpg\",\"contentUrl\":\"https:\/\/visitthingeyri.is\/wp-content\/uploads\/2024\/01\/sjosund.jpg\",\"width\":1200,\"height\":600},{\"@type\":\"BreadcrumbList\",\"@id\":\"https:\/\/visitthingeyri.is\/sjosund-a-thingeyri\/#breadcrumb\",\"itemListElement\":[{\"@type\":\"ListItem\",\"position\":1,\"name\":\"Home\",\"item\":\"https:\/\/visitthingeyri.is\/\"},{\"@type\":\"ListItem\",\"position\":2,\"name\":\"Sj\u00f3sund \u00e1 \u00deingeyri\"}]},{\"@type\":\"WebSite\",\"@id\":\"https:\/\/visitthingeyri.is\/#website\",\"url\":\"https:\/\/visitthingeyri.is\/\",\"name\":\"Visit \u00deingeyri\",\"description\":\"Komdu og nj\u00f3ttu \u00ed hjarta Vestfjar\u00f0a\",\"publisher\":{\"@id\":\"https:\/\/visitthingeyri.is\/#organization\"},\"potentialAction\":[{\"@type\":\"SearchAction\",\"target\":{\"@type\":\"EntryPoint\",\"urlTemplate\":\"https:\/\/visitthingeyri.is\/?s={search_term_string}\"},\"query-input\":{\"@type\":\"PropertyValueSpecification\",\"valueRequired\":true,\"valueName\":\"search_term_string\"}}],\"inLanguage\":\"en-US\"},{\"@type\":\"Organization\",\"@id\":\"https:\/\/visitthingeyri.is\/#organization\",\"name\":\"Visit \u00deingeyri\",\"url\":\"https:\/\/visitthingeyri.is\/\",\"logo\":{\"@type\":\"ImageObject\",\"inLanguage\":\"en-US\",\"@id\":\"https:\/\/visitthingeyri.is\/#\/schema\/logo\/image\/\",\"url\":\"https:\/\/visitthingeyri.is\/wp-content\/uploads\/2023\/12\/Isafjardarbaer-merki.svg\",\"contentUrl\":\"https:\/\/visitthingeyri.is\/wp-content\/uploads\/2023\/12\/Isafjardarbaer-merki.svg\",\"width\":200,\"height\":119,\"caption\":\"Visit \u00deingeyri\"},\"image\":{\"@id\":\"https:\/\/visitthingeyri.is\/#\/schema\/logo\/image\/\"}},{\"@type\":\"Person\",\"@id\":\"https:\/\/visitthingeyri.is\/#\/schema\/person\/f1c9a2ae13378eae4b11b618559f06c0\",\"name\":\"Gu\u00f0r\u00fan D. Gu\u00f0mundsd\u00f3ttir\",\"image\":{\"@type\":\"ImageObject\",\"inLanguage\":\"en-US\",\"@id\":\"https:\/\/visitthingeyri.is\/#\/schema\/person\/image\/\",\"url\":\"https:\/\/secure.gravatar.com\/avatar\/a3563c91eab53bf19c746c599c59ca084483682e24e7560b5b81dea33a334a28?s=96&d=mm&r=g\",\"contentUrl\":\"https:\/\/secure.gravatar.com\/avatar\/a3563c91eab53bf19c746c599c59ca084483682e24e7560b5b81dea33a334a28?s=96&d=mm&r=g\",\"caption\":\"Gu\u00f0r\u00fan D. Gu\u00f0mundsd\u00f3ttir\"},\"url\":\"https:\/\/visitthingeyri.is\/en\/author\/gunna\/\"}]}<\/script>\n<!-- \/ Yoast SEO plugin. -->","yoast_head_json":{"title":"Sj\u00f3sund \u00e1 \u00deingeyri | Visit \u00deingeyri","robots":{"index":"index","follow":"follow","max-snippet":"max-snippet:-1","max-image-preview":"max-image-preview:large","max-video-preview":"max-video-preview:-1"},"canonical":"https:\/\/visitthingeyri.is\/en\/sjosund-a-thingeyri\/","og_locale":"en_US","og_type":"article","og_title":"Sj\u00f3sund \u00e1 \u00deingeyri | Visit \u00deingeyri","og_description":"Sj\u00f3sundskl\u00fabburinn Selirnir fer reglulega \u00ed sj\u00f3sund \u00ed fj\u00f6runni vi\u00f0 tjaldst\u00e6\u00f0i\u00f0.","og_url":"https:\/\/visitthingeyri.is\/en\/sjosund-a-thingeyri\/","og_site_name":"Visit \u00deingeyri","article_published_time":"2024-01-03T13:53:28+00:00","article_modified_time":"2024-01-04T16:30:49+00:00","og_image":[{"width":1200,"height":600,"url":"https:\/\/visitthingeyri.is\/wp-content\/uploads\/2024\/01\/sjosund.jpg","type":"image\/jpeg"}],"author":"Gu\u00f0r\u00fan D. Gu\u00f0mundsd\u00f3ttir","twitter_card":"summary_large_image","twitter_misc":{"Written by":"Gu\u00f0r\u00fan D. Gu\u00f0mundsd\u00f3ttir","Est. reading time":"1 minute"},"schema":{"@context":"https:\/\/schema.org","@graph":[{"@type":"Article","@id":"https:\/\/visitthingeyri.is\/sjosund-a-thingeyri\/#article","isPartOf":{"@id":"https:\/\/visitthingeyri.is\/sjosund-a-thingeyri\/"},"author":{"name":"Gu\u00f0r\u00fan D. Gu\u00f0mundsd\u00f3ttir","@id":"https:\/\/visitthingeyri.is\/#\/schema\/person\/f1c9a2ae13378eae4b11b618559f06c0"},"headline":"Sj\u00f3sund \u00e1 \u00deingeyri","datePublished":"2024-01-03T13:53:28+00:00","dateModified":"2024-01-04T16:30:49+00:00","mainEntityOfPage":{"@id":"https:\/\/visitthingeyri.is\/sjosund-a-thingeyri\/"},"wordCount":55,"commentCount":0,"publisher":{"@id":"https:\/\/visitthingeyri.is\/#organization"},"image":{"@id":"https:\/\/visitthingeyri.is\/sjosund-a-thingeyri\/#primaryimage"},"thumbnailUrl":"https:\/\/visitthingeyri.is\/wp-content\/uploads\/2024\/01\/sjosund.jpg","articleSection":["\u00cd\u00fer\u00f3ttir","Sund"],"inLanguage":"en-US","potentialAction":[{"@type":"CommentAction","name":"Comment","target":["https:\/\/visitthingeyri.is\/sjosund-a-thingeyri\/#respond"]}]},{"@type":"WebPage","@id":"https:\/\/visitthingeyri.is\/sjosund-a-thingeyri\/","url":"https:\/\/visitthingeyri.is\/sjosund-a-thingeyri\/","name":"Sj\u00f3sund \u00e1 \u00deingeyri | Visit \u00deingeyri","isPartOf":{"@id":"https:\/\/visitthingeyri.is\/#website"},"primaryImageOfPage":{"@id":"https:\/\/visitthingeyri.is\/sjosund-a-thingeyri\/#primaryimage"},"image":{"@id":"https:\/\/visitthingeyri.is\/sjosund-a-thingeyri\/#primaryimage"},"thumbnailUrl":"https:\/\/visitthingeyri.is\/wp-content\/uploads\/2024\/01\/sjosund.jpg","datePublished":"2024-01-03T13:53:28+00:00","dateModified":"2024-01-04T16:30:49+00:00","breadcrumb":{"@id":"https:\/\/visitthingeyri.is\/sjosund-a-thingeyri\/#breadcrumb"},"inLanguage":"en-US","potentialAction":[{"@type":"ReadAction","target":["https:\/\/visitthingeyri.is\/sjosund-a-thingeyri\/"]}]},{"@type":"ImageObject","inLanguage":"en-US","@id":"https:\/\/visitthingeyri.is\/sjosund-a-thingeyri\/#primaryimage","url":"https:\/\/visitthingeyri.is\/wp-content\/uploads\/2024\/01\/sjosund.jpg","contentUrl":"https:\/\/visitthingeyri.is\/wp-content\/uploads\/2024\/01\/sjosund.jpg","width":1200,"height":600},{"@type":"BreadcrumbList","@id":"https:\/\/visitthingeyri.is\/sjosund-a-thingeyri\/#breadcrumb","itemListElement":[{"@type":"ListItem","position":1,"name":"Home","item":"https:\/\/visitthingeyri.is\/"},{"@type":"ListItem","position":2,"name":"Sj\u00f3sund \u00e1 \u00deingeyri"}]},{"@type":"WebSite","@id":"https:\/\/visitthingeyri.is\/#website","url":"https:\/\/visitthingeyri.is\/","name":"Visit \u00deingeyri","description":"Komdu og nj\u00f3ttu \u00ed hjarta Vestfjar\u00f0a","publisher":{"@id":"https:\/\/visitthingeyri.is\/#organization"},"potentialAction":[{"@type":"SearchAction","target":{"@type":"EntryPoint","urlTemplate":"https:\/\/visitthingeyri.is\/?s={search_term_string}"},"query-input":{"@type":"PropertyValueSpecification","valueRequired":true,"valueName":"search_term_string"}}],"inLanguage":"en-US"},{"@type":"Organization","@id":"https:\/\/visitthingeyri.is\/#organization","name":"Visit \u00deingeyri","url":"https:\/\/visitthingeyri.is\/","logo":{"@type":"ImageObject","inLanguage":"en-US","@id":"https:\/\/visitthingeyri.is\/#\/schema\/logo\/image\/","url":"https:\/\/visitthingeyri.is\/wp-content\/uploads\/2023\/12\/Isafjardarbaer-merki.svg","contentUrl":"https:\/\/visitthingeyri.is\/wp-content\/uploads\/2023\/12\/Isafjardarbaer-merki.svg","width":200,"height":119,"caption":"Visit \u00deingeyri"},"image":{"@id":"https:\/\/visitthingeyri.is\/#\/schema\/logo\/image\/"}},{"@type":"Person","@id":"https:\/\/visitthingeyri.is\/#\/schema\/person\/f1c9a2ae13378eae4b11b618559f06c0","name":"Gu\u00f0r\u00fan D. Gu\u00f0mundsd\u00f3ttir","image":{"@type":"ImageObject","inLanguage":"en-US","@id":"https:\/\/visitthingeyri.is\/#\/schema\/person\/image\/","url":"https:\/\/secure.gravatar.com\/avatar\/a3563c91eab53bf19c746c599c59ca084483682e24e7560b5b81dea33a334a28?s=96&d=mm&r=g","contentUrl":"https:\/\/secure.gravatar.com\/avatar\/a3563c91eab53bf19c746c599c59ca084483682e24e7560b5b81dea33a334a28?s=96&d=mm&r=g","caption":"Gu\u00f0r\u00fan D. Gu\u00f0mundsd\u00f3ttir"},"url":"https:\/\/visitthingeyri.is\/en\/author\/gunna\/"}]}},"_links":{"self":[{"href":"https:\/\/visitthingeyri.is\/en\/wp-json\/wp\/v2\/posts\/921","targetHints":{"allow":["GET"]}}],"collection":[{"href":"https:\/\/visitthingeyri.is\/en\/wp-json\/wp\/v2\/posts"}],"about":[{"href":"https:\/\/visitthingeyri.is\/en\/wp-json\/wp\/v2\/types\/post"}],"author":[{"embeddable":true,"href":"https:\/\/visitthingeyri.is\/en\/wp-json\/wp\/v2\/users\/2"}],"replies":[{"embeddable":true,"href":"https:\/\/visitthingeyri.is\/en\/wp-json\/wp\/v2\/comments?post=921"}],"version-history":[{"count":2,"href":"https:\/\/visitthingeyri.is\/en\/wp-json\/wp\/v2\/posts\/921\/revisions"}],"predecessor-version":[{"id":926,"href":"https:\/\/visitthingeyri.is\/en\/wp-json\/wp\/v2\/posts\/921\/revisions\/926"}],"wp:featuredmedia":[{"embeddable":true,"href":"https:\/\/visitthingeyri.is\/en\/wp-json\/wp\/v2\/media\/924"}],"wp:attachment":[{"href":"https:\/\/visitthingeyri.is\/en\/wp-json\/wp\/v2\/media?parent=921"}],"wp:term":[{"taxonomy":"category","embeddable":true,"href":"https:\/\/visitthingeyri.is\/en\/wp-json\/wp\/v2\/categories?post=921"},{"taxonomy":"post_tag","embeddable":true,"href":"https:\/\/visitthingeyri.is\/en\/wp-json\/wp\/v2\/tags?post=921"}],"curies":[{"name":"wp","href":"https:\/\/api.w.org\/{rel}","templated":true}]}}